{"id":1121,"date":"2020-11-27T10:36:41","date_gmt":"2020-11-27T09:36:41","guid":{"rendered":"https:\/\/radioejido.com\/?p=1121"},"modified":"2026-04-13T13:11:17","modified_gmt":"2026-04-13T11:11:17","slug":"nutricion-y-dietetica","status":"publish","type":"post","link":"https:\/\/radioejido.com\/index.php\/2020\/11\/27\/nutricion-y-dietetica\/","title":{"rendered":"Nutrici\u00f3n y Diet\u00e9tica"},"content":{"rendered":"<div class=\"wp-playlist wp-audio-playlist wp-playlist-light\">\n\t\t\t<div class=\"wp-playlist-current-item\"><\/div>\n\t\t<audio controls=\"controls\" preload=\"none\" width=\"618\"\n\t\t\t><\/audio>\n\t<div class=\"wp-playlist-next\"><\/div>\n\t<div class=\"wp-playlist-prev\"><\/div>\n\t<noscript>\n\t<ol>\n\t\t<li><a href='https:\/\/radioejido.com\/wp-content\/uploads\/2020\/11\/260413-NUTRICON-Y-DIETETICA-CONSEJOS-NUTRICION-PARA-LA-PRIMAVERA.mp3'>13\/04\/2026 NUTRICON Y DIETETICA - CONSEJOS NUTRICION PARA LA PRIMAVERA<\/a><\/li><li><a href='https:\/\/radioejido.com\/wp-content\/uploads\/2020\/11\/260323-NUTRICION-Y-DIETETICA-ALIMENTOS-Y-MUSICA.mp3'>23\/03\/2026 NUTRICION Y DIETETICA - ALIMENTOS Y MUSICA<\/a><\/li><li><a href='https:\/\/radioejido.com\/wp-content\/uploads\/2020\/11\/260316-NUTRICION-Y-DIETETICA-LISTA-DE-CARBOHIDRATOS-SALUDABLES-2.mp3'>16\/03\/2026 NUTRICION Y DIETETICA - LISTA CARBOHIDRATOS SALUDABLES 2<\/a><\/li><li><a href='https:\/\/radioejido.com\/wp-content\/uploads\/2020\/11\/270302-NUTRICION-Y-DIETETICA-LISTA-DE-CARBOHIDRATOS-SALUDABLES-1.mp3'>02\/03\/2026 NUTRICION Y DIETETICA - LISTA DE CARBOHIDRATOS SALUDABLES<\/a><\/li><li><a href='https:\/\/radioejido.com\/wp-content\/uploads\/2020\/11\/260223-NUTRICION-Y-DIETETICA-CARBOHIDRATOS-COMPLEJOS-Y-SIMPLES-1.mp3'>23\/02\/2026 NUTRICION Y DIETETICA - CARBOHIDRATOS COMPLEJOS Y SIMPLES<\/a><\/li><li><a href='https:\/\/radioejido.com\/wp-content\/uploads\/2020\/11\/260216-NUTRICION-DIETETICA-Dietas-Vegetarianas-y-Veganas.mp3'>16\/02\/2026 NUTRICION Y DIETETICA - Dietas Vegetarianas y Veganas<\/a><\/li><li><a href='https:\/\/radioejido.com\/wp-content\/uploads\/2020\/11\/260202-NUTRICION-Y-DIETETICA-Comienza-el-ano-con-buenos-habitos-de-alimentacion.mp3'>02\/02\/2026 NUTRICION Y DIETETICA - Comienza el a\u00f1o con buenos h\u00e1bitos de alimentaci\u00f3n<\/a><\/li><li><a href='https:\/\/radioejido.com\/wp-content\/uploads\/2020\/11\/251215-NUTRICION-Y-DIETETICA-COMIDAS-NAVIDENAS-CON-SALUD-.mp3'>15\/12\/2025 NUTRICION Y DIETETICA - COMIDAS NAVIDE\u00d1AS CON SALUD<\/a><\/li><li><a href='https:\/\/radioejido.com\/wp-content\/uploads\/2020\/11\/251208-NUTRICION-Y-DIETETICA-EL-ORIGEN-DE-LOS-DULCES-NAVIDENOS.mp3'>08\/12\/2025 NUTRICION Y DIETETICA - EL ORIGEN DE LOS DULCES NAVIDE\u00d1OS<\/a><\/li><li><a href='https:\/\/radioejido.com\/wp-content\/uploads\/2020\/11\/251124-NUTRICION-Y-DIETETICA-ALIMENTOS-FUNCIONALES.mp3'>24\/11\/2025  NURICION Y DIETETICA - ALIMENTOS FUNCIONALES<\/a><\/li><li><a href='https:\/\/radioejido.com\/wp-content\/uploads\/2020\/11\/251110-NUTRICION-Y-DIETETICA-HELADOS-CERO-PROTEINA.mp3'>10\/11\/2025 NUTRICION Y DIETETICA - HELADOS CERO&amp; + PROTEINA<\/a><\/li><li><a href='https:\/\/radioejido.com\/wp-content\/uploads\/2020\/11\/251103-NUTRICION-Y-DIETETICA-12-SEMANA-SALUDABLE-EL-EJIDO-2025.mp3'>03\/11\/2025 NUTRICION Y DIETETICA - 12 SEMANA SALUDABLE EL EJDIO<\/a><\/li><li><a href='https:\/\/radioejido.com\/wp-content\/uploads\/2020\/11\/251027-NUTRICION-Y-DIETETICA-LOS-BENEFICIOS-DE-LA-PAPAYA.mp3'>27\/10\/2025  NUTRICION Y DIETETICA - LOS BENEFICIOS DE LA PAPAYA<\/a><\/li><li><a href='https:\/\/radioejido.com\/wp-content\/uploads\/2020\/11\/251020-NUTRICION-Y-DIETETICA-FRUTOS-DEL-BOSQUE.mp3'>20\/10\/2025 NUTRICION Y DIETETICA _ FRUTOS DEL BOSQUE<\/a><\/li><li><a href='https:\/\/radioejido.com\/wp-content\/uploads\/2020\/11\/251006-NUTRICION-Y-DIETETICA-9-SUSTITUTOS-DE-LA-MANTEQUILLA.mp3'>06\/10\/2025 NUTRICION Y DIETETICA - 9 SUSTITUTOS DE LA MANTEQUILLA<\/a><\/li><li><a href='https:\/\/radioejido.com\/wp-content\/uploads\/2020\/11\/250623-NUTRICION-Y-DIETETICA-PREVENIR-INTOXICACIONES-ALIMENTARIAS-EN-VERANO.mp3'>23\/06\/2025 NUTRICION Y DIETETICA - PREVENIR INTOXICACIONES ALIMENTARIAS EN VERANO<\/a><\/li><li><a href='https:\/\/radioejido.com\/wp-content\/uploads\/2020\/11\/250609-NUTRICION-Y-DIETETICA-SUENO-Y-NUTRICION-1.mp3'>09\/06\/2025 NUTRICION Y DIETETICA - SUE\u00d1O Y NUTRICION<\/a><\/li><li><a href='https:\/\/radioejido.com\/wp-content\/uploads\/2020\/11\/250602-NUTRICION-Y-DIETETICA-PILARES-FUNDAMENTALES-DE-UNA-ALIMENTACION-SALUDABLE-1.mp3'>02\/06\/2025 NUTRICION DIETETICA - PILARES FUNDAMENTALES DE UNA ALIMENTACION SALUDABLE<\/a><\/li><li><a href='https:\/\/radioejido.com\/wp-content\/uploads\/2020\/11\/250505-NUTRICION-Y-DIETETICA-DIETA-SUECA.mp3'>05\/05\/2025 NUTRICON Y DIETETICA - DIETA SUECA<\/a><\/li><li><a href='https:\/\/radioejido.com\/wp-content\/uploads\/2020\/11\/250407-NUTRICION-Y-DIETETICA-ADITIVOS-ALIMENTARIOS.mp3'>07\/04\/2025 NUTRICION Y DIETETICA - ADITIVOS ALIMENTARIOS<\/a><\/li><li><a href='https:\/\/radioejido.com\/wp-content\/uploads\/2020\/11\/250324-NUTRICION-Y-DIETETICA-GRASAS-SALUDABLES.mp3'>24\/03\/2025  NUTRICION Y DIETETICA - GRASAS SALUDABLES<\/a><\/li><li><a href='https:\/\/radioejido.com\/wp-content\/uploads\/2020\/11\/250303-NUTRICION-Y-DIETETICA-II-Congreso-Internacional-de-Gastronomia-Verde-VESTIAL.mp3'>03\/03\/2025 NUTRICION Y DIETETICA - II EDICION VESTIAL<\/a><\/li><li><a href='https:\/\/radioejido.com\/wp-content\/uploads\/2020\/11\/250221-NUTRICION-Y-DIETETICA-CARNES-DE-TEMPORADA-EN-INVIERNO.mp3'>24\/02\/2025 NUTRICION Y DIETETICA - CARNES DE TEMPORADA EN INVIERNO<\/a><\/li><li><a href='https:\/\/radioejido.com\/wp-content\/uploads\/2020\/11\/250217-NUTRICION-Y-DIETETICA-VERDURAS-DE-TEMPORADA-EN-INVIERNO.mp3'>17\/02\/2025 NUTRICION Y DIETETICA - VERDURAS DE TEMPORADA EN  INVIERNO<\/a><\/li><li><a href='https:\/\/radioejido.com\/wp-content\/uploads\/2020\/11\/250210_NUTRICION-Y-DIETETICA-FRUTAS-DE-TEMPORADA-EN-NVIERNO.mp3'>10\/02\/2025_NUTRICION Y DIETETICA - FRUTAS DE TEMPORADA EN NVIERNO<\/a><\/li><li><a href='https:\/\/radioejido.com\/wp-content\/uploads\/2020\/11\/241230-NUTRICION-Y-DIETETICA-ALIMENTOS-DE-NAVIDAD-EN-NAVIDAD.mp3'>30\/12\/2024 NUTRICION Y DIETETICA - ALIMENTOS DE NAVIDAD EN NAVIDAD<\/a><\/li><li><a href='https:\/\/radioejido.com\/wp-content\/uploads\/2020\/11\/241202-NUTRICION-Y-DIETETICA-POSTPARTO-Y-AUTOCUIDADO-1.mp3'>02\/12\/2024 NUTRICION Y DIETETICA - POSTPARTO Y AUTOCUIDADO<\/a><\/li><li><a href='https:\/\/radioejido.com\/wp-content\/uploads\/2020\/11\/241125-NUTRICON-Y-DIETETICA-LA-IMPORTANCIA-DE-LA-DIETA-PARA-PREVENIR-ENFERMEDADES-RELACIONADAS-CON-LA-ALIMENTACION.mp3'>25\/11\/2024 NUTRICON Y DIETETICA _ LA IMORTANCIA DE LA DIETA PARA PREVENIR ENFERMEDADES RELACIONADAS CON LA ALIMENTACION<\/a><\/li><li><a href='https:\/\/radioejido.com\/wp-content\/uploads\/2020\/11\/241111-NUTRICION-Y-DIETETICA-IMPORTANCIA-DE-LA-ALIMENTACION-EN-EL-DESARROLLO-INFANTIL.mp3'>11\/11\/2024 NUTRICION Y DIETETICA - IMPORTANCIA DE LA ALIMENTACION EN EL DESARROLLO INFANTIL<\/a><\/li><li><a href='https:\/\/radioejido.com\/wp-content\/uploads\/2020\/11\/241028-NUTRICION-Y-DIETETICA-DIETA-ANTIINFLAMATORIA.mp3'>28\/10\/2024 NUTRICION Y DIETETICA - DIETA ANTIINFLAMATORIA<\/a><\/li><li><a href='https:\/\/radioejido.com\/wp-content\/uploads\/2020\/11\/241018-NUTRICION-Y-DIETETICA-EL-GLUTEN-Y-SU-ALTERNATIVA.mp3'>21\/10\/2024 NUTRICION Y DIETETICA - EL GLUTEN Y SU ALTERNATIVA<\/a><\/li><li><a href='https:\/\/radioejido.com\/wp-content\/uploads\/2020\/11\/230213-NUTRICION-Y-DIETETICA-LACTANCIA-MATERNA-Y-ALIMENTACION-COMPLEMENTARIA.mp3'>13\/02\/2023 NUTRICION Y DIETETICA - LACTANCIA MATERNA Y ALIMENTACION COMPLEMENTARIA<\/a><\/li><li><a href='https:\/\/radioejido.com\/wp-content\/uploads\/2020\/11\/241011-NUTRICION-Y-DIETETICA-LOS-ANTIOXIDANTES.mp3'>14\/10\/2024 NUTRICION Y DIETETICA - LOS ANTIOXIDANTES<\/a><\/li><li><a href='https:\/\/radioejido.com\/wp-content\/uploads\/2020\/11\/241007-NUTRICION-Y-DIETETICA-10-CONSEJOS-PARA-HACER-DIETA-DESPUES-DEL-VERANO.mp3'>07\/10\/2024 NUTRICION Y DIETETICA - 10 CONSEJOS PARA HACER DIETA DESPUES DEL VERANO<\/a><\/li><li><a href='https:\/\/radioejido.com\/wp-content\/uploads\/2020\/11\/240722-NUTRICION-Y-DIETETICA-LA-NEVERA-DE-LA-PLAYA.mp3'>22\/07\/2024 NUTRICION Y DIETETICA - LA NEVERA DE LA PLAYA<\/a><\/li><li><a href='https:\/\/radioejido.com\/wp-content\/uploads\/2020\/11\/240715-NUTRICION-Y-DIETETICA-PLATOS-TIPICOS-VERANO-VOL-II.mp3'>15\/07\/2024 NUTRICION Y DIETETICA - PLATOS TIPICOS VERANO VOL II<\/a><\/li><li><a href='https:\/\/radioejido.com\/wp-content\/uploads\/2020\/11\/240708_NUTRICON-Y-DIETETICA-PLATOS-TIPICOS-VERANO-VOL-I-1.mp3'>08\/07\/2024_NUTRICON Y DIETETICA - PLATOS TIPICOS VERANO VOL I<\/a><\/li><li><a href='https:\/\/radioejido.com\/wp-content\/uploads\/2020\/11\/240624-NUTRICION-Y-DIETETICA-ENSALADAS-VERANO.mp3'>24\/06\/2024 NUTRICION Y DIETETICA - ENSALADAS DE VERANO<\/a><\/li><li><a href='https:\/\/radioejido.com\/wp-content\/uploads\/2020\/11\/241018-NUTRICION-Y-DIETETICA-EL-GLUTEN-Y-SU-ALTERNATIVA-1.mp3'>21\/10\/2024 NUTRICION Y DIETETICA - EL GLUTEN Y SU ALTERNATIVA<\/a><\/li><li><a href='https:\/\/radioejido.com\/wp-content\/uploads\/2020\/11\/240617-NUTRICION-Y-DIETETICA-REDUCCION-INGESTA-DE-SODIO.mp3'>17\/06\/2024 NUTRICION Y DIETETICA - REDUCCION D LA INGESTA DE SODIO<\/a><\/li><li><a href='https:\/\/radioejido.com\/wp-content\/uploads\/2020\/11\/240603-NUTRICION-Y-DIETETICA-TE.mp3'>03\/06\/25024 NUTRICION Y DIETETICA - TE<\/a><\/li><li><a href='https:\/\/radioejido.com\/wp-content\/uploads\/2020\/11\/240527-NUTRICION-Y-DIETETICA-LAS-INTOLERANCIAS-MAS-COMUNES.mp3'>27\/05\/2024 NUTRICION Y DIETETICA - LAS INTOLERANCIAS MAS COMUNES<\/a><\/li><li><a href='https:\/\/radioejido.com\/wp-content\/uploads\/2020\/11\/240513-NUTRICION-Y-DIETETICA-TERMINOLOGIA-COCINA-ESPANOLA.mp3'>13\/05\/2024 NUTRICION Y DIETETICA - TERMINOLOGIA COCINA ESPA\u00d1OLA<\/a><\/li><li><a href='https:\/\/radioejido.com\/wp-content\/uploads\/2020\/11\/240506-NUTRICION-Y-DIETETICA-TERMINOLOGIA-COCINA-FRANCESA.mp3'>06\/05\/2024 NUTRICION Y DIETETICA - TERMINOLOGIA COCINA FRANCESA<\/a><\/li><li><a href='https:\/\/radioejido.com\/wp-content\/uploads\/2020\/11\/240429-NUTRICION-Y-DIETETICA-_-ALIMENTOS-DE-TEMPORADA-PRIMAVERA-CARNES.mp3'>29\/04\/2024 NUTRICION Y DIETETICA _ ALIMENTOS DE TEMPORADA PRIMAVERA CARNES<\/a><\/li><li><a href='https:\/\/radioejido.com\/wp-content\/uploads\/2020\/11\/240415-NUTRICION-Y-DIETETICA-_-ALIMENTOS-DE-TEMPORADA-PRIMAVERA-PESCADOS-Y-MARISCOS.mp3'>15\/04\/2024 NUTRICION Y DIETETICA _ ALIMENTOS DE TEMPORADA PRIMAVERA PESCADOS Y MARISCOS<\/a><\/li><li><a href='https:\/\/radioejido.com\/wp-content\/uploads\/2020\/11\/240408-NUTRICION-Y-DIETETICA-ALIMENTOS-DE-TEMPORADA-PRIMAVERA-FRUTAS.mp3'>08\/04\/2024 NUTRICION Y DIETETICA - ALIMENTOS DE TEMPORADA PRIMAVERA FRUTAS<\/a><\/li><li><a href='https:\/\/radioejido.com\/wp-content\/uploads\/2020\/11\/240401-NUTRICION-Y-DIETETICA-ALIMENTOS-DE-TEMPORADA-PRIMAVERA-VERDURAS.mp3'>01\/04\/2024 NUTRICION Y DIETETICA - ALIMENTOS DE TEMPORADA PRIMAVERA VERDURAS<\/a><\/li><li><a href='https:\/\/radioejido.com\/wp-content\/uploads\/2020\/11\/240318-NUTRICION-Y-DIETETICA-PERDIDA-DE-PESO.mp3'>18\/03\/2024 NUTRICION Y DIETETICA - PERDIDA DE PESO<\/a><\/li><li><a href='https:\/\/radioejido.com\/wp-content\/uploads\/2020\/11\/240311_NUTRICION-Y-DIETETICA-OBESIDAD.mp3'>11\/03\/2024_NUTRICION Y DIETETICA - OBESIDAD<\/a><\/li><li><a href='https:\/\/radioejido.com\/wp-content\/uploads\/2020\/11\/240304-NUTRICION-Y-DIETETICA-MITOS-TCA-TRASTORNOS-CONDUCTA-ALIMENTARIA.mp3'>04\/03\/2024 NUTRICION Y DIETETICA - MITOS  TCA (TRASTORNOS CONDUCTA ALIMENTARIA)<\/a><\/li><li><a href='https:\/\/radioejido.com\/wp-content\/uploads\/2020\/11\/240226-NUTRICION-Y-DIETETICA-LEGUMBRES.mp3'>26\/02\/2024 NUTRICION Y DIETETICA - LEGUMBRES<\/a><\/li><li><a href='https:\/\/radioejido.com\/wp-content\/uploads\/2020\/11\/240218-NUTRICION-Y-DIETETICA-APROVECHAR-FRUTAS-Y-HORTALIZAS.mp3'>18\/02\/2024 NUTRICION Y DIETETICA - APROVECHAR FRUTAS Y HORTALIZAS<\/a><\/li><li><a href='https:\/\/radioejido.com\/wp-content\/uploads\/2020\/11\/240212-NUTRICION-Y-DIETETICA-FRUTOS-SECOS.mp3'>12\/02\/2024 NUTRICION Y DIETETICA - FRUTOS SECOS<\/a><\/li><li><a href='https:\/\/radioejido.com\/wp-content\/uploads\/2020\/11\/240205-NUTRICION-Y-DIETETICA-FRUTAS-Y-HORTALIZAS.mp3'>05\/02\/2024  NUTRICION Y DIETETICA - FRUTAS Y HORTALIZAS<\/a><\/li><li><a href='https:\/\/radioejido.com\/wp-content\/uploads\/2020\/11\/231218-NUTRICION-Y-DIETETICA-ESPECIAL-COMIDAS-DE-NAVIDAD.mp3'>18\/12\/2023 NUTRICION Y DIETETICA - ESPECIAL COMIDAS DE NAVIDAD<\/a><\/li><li><a href='https:\/\/radioejido.com\/wp-content\/uploads\/2020\/11\/231204-NUTRICION-Y-DIETETICA-ALIMENTOS-ULTRAPROCESADOS-1.mp3'>04\/12\/2023 NUTRICION Y DIETETICA - ALIMENTOS ULTRAPROCESADOS<\/a><\/li><li><a href='https:\/\/radioejido.com\/wp-content\/uploads\/2020\/11\/231127-NUTRICION-Y-DIETETICA-PESCADOS-DE-TEMPORADA-EN-OTONO.mp3'>27\/11\/2023 NUTRICION Y DIETETICA - PESCADOS DE TEMPORADA EN OTO\u00d1O<\/a><\/li><li><a href='https:\/\/radioejido.com\/wp-content\/uploads\/2020\/11\/231120-NUTRICION-Y-DIETETICA-CARNES-DE-OTONO-.mp3'>20\/11\/2023  NUTRICION Y DIETETICA - CARNES DE OTO\u00d1O<\/a><\/li><li><a href='https:\/\/radioejido.com\/wp-content\/uploads\/2020\/11\/231113-NUTRICION-Y-DIETETICA-VERDURAS-DE-TEMPORADA-OTONO.mp3'>13\/11\/2023 NUTRICION Y DIETETICA - VERDURAS DE TEMPORADA OTO\u00d1O<\/a><\/li><li><a href='https:\/\/radioejido.com\/wp-content\/uploads\/2020\/11\/231106-NUTRICION-Y-DIETETICA-FRUTAS-DE-TEMPORADA-OTONO.mp3'>06\/11\/2023 NUTRICION Y DIETETICA - FRUTAS DE TEMPORADA OTO\u00d1O<\/a><\/li><li><a href='https:\/\/radioejido.com\/wp-content\/uploads\/2020\/11\/231211-NUTRICION-Y-DIETETICA-COMIDAS-NAVIDENAS-CON-SALUD-2.mp3'>11\/12\/2023 NUTRICION Y DIETETICA - COMIDAS NAVIDE\u00d1AS CON SALUD<\/a><\/li><li><a href='https:\/\/radioejido.com\/wp-content\/uploads\/2020\/11\/231204-NUTRICION-Y-DIETETICA-ALIMENTOS-ULTRAPROCESADOS.mp3'>04\/12\/2023 NUTRICION Y DIETETICA - ALIMENTOS ULTRAPROCESADOS<\/a><\/li><li><a href='https:\/\/radioejido.com\/wp-content\/uploads\/2020\/11\/231030-NUTRICION-Y-DIETETICA-HALLOWEEN.mp3'>30\/10\/2023  NUTRICION Y DIETETICA - HALLOWEEN<\/a><\/li><li><a href='https:\/\/radioejido.com\/wp-content\/uploads\/2020\/11\/231023-NUTRICION-Y-DIETETICA-CONSERVACION-DE-ALIMENTOS.mp3'>231023 NUTRICION Y DIETETICA - CONSERVACION DE ALIMENTOS<\/a><\/li><li><a href='https:\/\/radioejido.com\/wp-content\/uploads\/2020\/11\/231016-NUTRICION-Y-DIETETICA-CAFE.mp3'>231016 NUTRICION Y DIETETICA - CAFE<\/a><\/li><li><a href='https:\/\/radioejido.com\/wp-content\/uploads\/2020\/11\/230515-NUTRICION-Y-DIETETICA-DIETA-SALUDABLE-PARA-EL-CORAZON.mp3'>15\/05\/2023 NUTRICION Y DIETETICA - DIETA SALUDABLE PARA EL CORAZON<\/a><\/li><li><a href='https:\/\/radioejido.com\/wp-content\/uploads\/2020\/11\/230508_NUTRICION_Y-DIETETICA-ALIMENTACION_SALUDABLE.mp3'>08\/052023_NUTRICION_Y DIETETICA-ALIMENTACION_SALUDABLE<\/a><\/li><li><a href='https:\/\/radioejido.com\/wp-content\/uploads\/2020\/11\/230410-NUTRICION-Y-DIETETICA-10-ALIMENTOS-PARA-ALIVIAR-LA-FIBROMIALGIA.mp3'>10\/04\/2023 NUTRICION Y DIETETICA - 10 ALIMENTOS PARA ALIVIAR LA FIBROMIALGIA<\/a><\/li><li><a href='https:\/\/radioejido.com\/wp-content\/uploads\/2020\/11\/230313-NUTRICION-Y-DIETETICA-DIA-MUNIDIAL-DE-LA-OBESIDAD.mp3'>13\/03\/2023 NUTRICION Y DIETETICA - DIA MUNIDIAL DE LA OBESIDAD<\/a><\/li><li><a href='https:\/\/radioejido.com\/wp-content\/uploads\/2020\/11\/230306-NUTRICION-Y-DIETETICA-ALIMENTACION-COMPLEMENTARIA-3.mp3'>06\/03\/2023 NUTRICION Y DIETETICA - ALIMENTACION COMPLEMENTARIA 3<\/a><\/li><li><a href='https:\/\/radioejido.com\/wp-content\/uploads\/2020\/11\/230227-NUTRICION-Y-DIETETICA-ALIMENTACION-COMPLEMENTARIA-2.mp3'>27\/02\/2023 NUTRICION Y DIETETICA - ALIMENTACION COMPLEMENTARIA 2<\/a><\/li><li><a href='https:\/\/radioejido.com\/wp-content\/uploads\/2020\/11\/230220-NUTRICION-Y-DIETETICA-ALIMENTCION-COMPLEMENTARIA-1.mp3'>20\/03\/2023 NUTRICION Y DIETETICA - ALIMENTACION COMPLEMENTARIA 1<\/a><\/li>\t<\/ol>\n\t<\/noscript>\n\t<script type=\"application\/json\" class=\"wp-playlist-script\">{\"type\":\"audio\",\"tracklist\":true,\"tracknumbers\":true,\"images\":true,\"artists\":true,\"tracks\":[{\"src\":\"https:\/\/radioejido.com\/wp-content\/uploads\/2020\/11\/260413-NUTRICON-Y-DIETETICA-CONSEJOS-NUTRICION-PARA-LA-PRIMAVERA.mp3\",\"type\":\"audio\/mpeg\",\"title\":\"13\/04\/2026 NUTRICON Y DIETETICA - CONSEJOS NUTRICION PARA LA PRIMAVERA\",\"caption\":\"\",\"description\":\"\\u00ab13\/04\/2026 NUTRICON Y DIETETICA - CONSEJOS NUTRICION PARA LA PRIMAVERA\\u00bb en NUTRCION Y DIETETICA por RADIO EJIDO. Lanzamiento: 2026. Pista 7. G\\u00e9nero: Pop.\",\"meta\":{\"artist\":\"RADIO EJIDO\",\"album\":\"NUTRCION Y DIETETICA\",\"genre\":\"Pop\",\"year\":\"2026\",\"length_formatted\":\"19:35\"},\"image\":{\"src\":\"https:\/\/radioejido.com\/wp-includes\/images\/media\/audio.svg\",\"width\":48,\"height\":64},\"thumb\":{\"src\":\"https:\/\/radioejido.com\/wp-includes\/images\/media\/audio.svg\",\"width\":48,\"height\":64}},{\"src\":\"https:\/\/radioejido.com\/wp-content\/uploads\/2020\/11\/260323-NUTRICION-Y-DIETETICA-ALIMENTOS-Y-MUSICA.mp3\",\"type\":\"audio\/mpeg\",\"title\":\"23\/03\/2026 NUTRICION Y DIETETICA - ALIMENTOS Y MUSICA\",\"caption\":\"\",\"description\":\"\\u00ab23\/03\/2026 NUTRICION Y DIETETICA - ALIMENTOS Y MUSICA\\u00bb en NUTRICION Y DIETETICA por RADIO EJIDO. Lanzamiento: 2026. Pista 6. G\\u00e9nero: Pop.\",\"meta\":{\"artist\":\"RADIO EJIDO\",\"album\":\"NUTRICION Y DIETETICA\",\"genre\":\"Pop\",\"year\":\"2026\",\"length_formatted\":\"29:31\"},\"image\":{\"src\":\"https:\/\/radioejido.com\/wp-includes\/images\/media\/audio.svg\",\"width\":48,\"height\":64},\"thumb\":{\"src\":\"https:\/\/radioejido.com\/wp-includes\/images\/media\/audio.svg\",\"width\":48,\"height\":64}},{\"src\":\"https:\/\/radioejido.com\/wp-content\/uploads\/2020\/11\/260316-NUTRICION-Y-DIETETICA-LISTA-DE-CARBOHIDRATOS-SALUDABLES-2.mp3\",\"type\":\"audio\/mpeg\",\"title\":\"16\/03\/2026 NUTRICION Y DIETETICA - LISTA CARBOHIDRATOS SALUDABLES 2\",\"caption\":\"\",\"description\":\"\\u00ab16\/03\/2026 NUTRICION Y DIETETICA - LISTA CARBOHIDRATOS SALUDABLES 2\\u00bb en NUTRICION Y DIETETICA por RADIO EJIDO. Lanzamiento: 2026. Pista 5. G\\u00e9nero: Pop.\",\"meta\":{\"artist\":\"RADIO EJIDO\",\"album\":\"NUTRICION Y DIETETICA\",\"genre\":\"Pop\",\"year\":\"2026\",\"length_formatted\":\"25:03\"},\"image\":{\"src\":\"https:\/\/radioejido.com\/wp-includes\/images\/media\/audio.svg\",\"width\":48,\"height\":64},\"thumb\":{\"src\":\"https:\/\/radioejido.com\/wp-includes\/images\/media\/audio.svg\",\"width\":48,\"height\":64}},{\"src\":\"https:\/\/radioejido.com\/wp-content\/uploads\/2020\/11\/270302-NUTRICION-Y-DIETETICA-LISTA-DE-CARBOHIDRATOS-SALUDABLES-1.mp3\",\"type\":\"audio\/mpeg\",\"title\":\"02\/03\/2026 NUTRICION Y DIETETICA - LISTA DE CARBOHIDRATOS SALUDABLES\",\"caption\":\"\",\"description\":\"\\u00ab02\/03\/2026 NUTRICION Y DIETETICA - LISTA DE CARBOHIDRATOS SALUDABLES\\u00bb en NUTRICION Y DIETETICA por RADIO EJIDO. Lanzamiento: 2026. Pista 4. G\\u00e9nero: Pop.\",\"meta\":{\"artist\":\"RADIO EJIDO\",\"album\":\"NUTRICION Y DIETETICA\",\"genre\":\"Pop\",\"year\":\"2026\",\"length_formatted\":\"28:57\"},\"image\":{\"src\":\"https:\/\/radioejido.com\/wp-includes\/images\/media\/audio.svg\",\"width\":48,\"height\":64},\"thumb\":{\"src\":\"https:\/\/radioejido.com\/wp-includes\/images\/media\/audio.svg\",\"width\":48,\"height\":64}},{\"src\":\"https:\/\/radioejido.com\/wp-content\/uploads\/2020\/11\/260223-NUTRICION-Y-DIETETICA-CARBOHIDRATOS-COMPLEJOS-Y-SIMPLES-1.mp3\",\"type\":\"audio\/mpeg\",\"title\":\"23\/02\/2026 NUTRICION Y DIETETICA - CARBOHIDRATOS COMPLEJOS Y SIMPLES\",\"caption\":\"\",\"description\":\"\\u00ab23\/02\/2026 NUTRICION Y DIETETICA - CARBOHIDRATOS COMPLEJOS Y SIMPLES\\u00bb en NUTRICION Y DIETETICA por RADIO EJIDO . Lanzamiento: 2026. Pista 3. G\\u00e9nero: Pop.\",\"meta\":{\"artist\":\"RADIO EJIDO\",\"album\":\"NUTRICION Y DIETETICA\",\"genre\":\"Pop\",\"year\":\"2026\",\"length_formatted\":\"27:43\"},\"image\":{\"src\":\"https:\/\/radioejido.com\/wp-includes\/images\/media\/audio.svg\",\"width\":48,\"height\":64},\"thumb\":{\"src\":\"https:\/\/radioejido.com\/wp-includes\/images\/media\/audio.svg\",\"width\":48,\"height\":64}},{\"src\":\"https:\/\/radioejido.com\/wp-content\/uploads\/2020\/11\/260216-NUTRICION-DIETETICA-Dietas-Vegetarianas-y-Veganas.mp3\",\"type\":\"audio\/mpeg\",\"title\":\"16\/02\/2026 NUTRICION Y DIETETICA - Dietas Vegetarianas y Veganas\",\"caption\":\"\",\"description\":\"\\u00abDietas Vegetarianas y Veganas\\u00bb en NUTICION Y DIETETICA por RADIO EJIDO. Lanzamiento: 2026. Pista 2. G\\u00e9nero: Blues.\",\"meta\":{\"artist\":\"RADIO EJIDO\",\"album\":\"NUTICION Y DIETETICA\",\"genre\":\"Blues\",\"year\":\"2026\",\"length_formatted\":\"23:43\"},\"image\":{\"src\":\"https:\/\/radioejido.com\/wp-includes\/images\/media\/audio.svg\",\"width\":48,\"height\":64},\"thumb\":{\"src\":\"https:\/\/radioejido.com\/wp-includes\/images\/media\/audio.svg\",\"width\":48,\"height\":64}},{\"src\":\"https:\/\/radioejido.com\/wp-content\/uploads\/2020\/11\/260202-NUTRICION-Y-DIETETICA-Comienza-el-ano-con-buenos-habitos-de-alimentacion.mp3\",\"type\":\"audio\/mpeg\",\"title\":\"02\/02\/2026 NUTRICION Y DIETETICA - Comienza el a\\u00f1o con buenos h\\u00e1bitos de alimentaci\\u00f3n\",\"caption\":\"\",\"description\":\"\\u00abComienza el a\\u00f1o con buenos h\\u00e1bitos de alimentaci\\u00f3n\\u00bb en Nutrici\\u00f3n y Diet\\u00e9tica por Radio Ejido. Lanzamiento: 2026. Pista 1. G\\u00e9nero: Pop.\",\"meta\":{\"artist\":\"Radio Ejido\",\"album\":\"Nutrici\\u00f3n y Diet\\u00e9tica\",\"genre\":\"Pop\",\"year\":\"2026\",\"length_formatted\":\"23:19\"},\"image\":{\"src\":\"https:\/\/radioejido.com\/wp-includes\/images\/media\/audio.svg\",\"width\":48,\"height\":64},\"thumb\":{\"src\":\"https:\/\/radioejido.com\/wp-includes\/images\/media\/audio.svg\",\"width\":48,\"height\":64}},{\"src\":\"https:\/\/radioejido.com\/wp-content\/uploads\/2020\/11\/251215-NUTRICION-Y-DIETETICA-COMIDAS-NAVIDENAS-CON-SALUD-.mp3\",\"type\":\"audio\/mpeg\",\"title\":\"15\/12\/2025 NUTRICION Y DIETETICA - COMIDAS NAVIDE\\u00d1AS CON SALUD\",\"caption\":\"\",\"description\":\"\\u00ab15\/12\/2025 NUTRICION Y DIETETICA - COMIDAS NAVIDE\\u00d1AS CON SALUD \\u00bb en NUTRICION Y DIETETICA por RADIO EJIDO. Lanzamiento: 2025. Pista 20. G\\u00e9nero: Pop.\",\"meta\":{\"artist\":\"RADIO EJIDO\",\"album\":\"NUTRICION Y DIETETICA\",\"genre\":\"Pop\",\"year\":\"2025\",\"length_formatted\":\"23:07\"},\"image\":{\"src\":\"https:\/\/radioejido.com\/wp-includes\/images\/media\/audio.svg\",\"width\":48,\"height\":64},\"thumb\":{\"src\":\"https:\/\/radioejido.com\/wp-includes\/images\/media\/audio.svg\",\"width\":48,\"height\":64}},{\"src\":\"https:\/\/radioejido.com\/wp-content\/uploads\/2020\/11\/251208-NUTRICION-Y-DIETETICA-EL-ORIGEN-DE-LOS-DULCES-NAVIDENOS.mp3\",\"type\":\"audio\/mpeg\",\"title\":\"08\/12\/2025 NUTRICION Y DIETETICA - EL ORIGEN DE LOS DULCES NAVIDE\\u00d1OS\",\"caption\":\"\",\"description\":\"\\u00ab08\/12\/2025 NUTRICION Y DIETETICA - EL ORIGEN DE LOS DULCES NAVIDE\\u00d1OS\\u00bb en NUTRICION Y DIETETICA por RADIO EJIDO. Lanzamiento: 2025. Pista 19. G\\u00e9nero: Pop.\",\"meta\":{\"artist\":\"RADIO EJIDO\",\"album\":\"NUTRICION Y DIETETICA\",\"genre\":\"Pop\",\"year\":\"2025\",\"length_formatted\":\"25:34\"},\"image\":{\"src\":\"https:\/\/radioejido.com\/wp-includes\/images\/media\/audio.svg\",\"width\":48,\"height\":64},\"thumb\":{\"src\":\"https:\/\/radioejido.com\/wp-includes\/images\/media\/audio.svg\",\"width\":48,\"height\":64}},{\"src\":\"https:\/\/radioejido.com\/wp-content\/uploads\/2020\/11\/251124-NUTRICION-Y-DIETETICA-ALIMENTOS-FUNCIONALES.mp3\",\"type\":\"audio\/mpeg\",\"title\":\"24\/11\/2025  NURICION Y DIETETICA - ALIMENTOS FUNCIONALES\",\"caption\":\"\",\"description\":\"\\u00ab24\/11\/2025  NURICION Y DIETETICA - ALIMENTOS FUNCIONALES\\u00bb en NUTRICION Y DIETETICA por RADIO EJIDO. Lanzamiento: 2025. Pista 18. G\\u00e9nero: Pop.\",\"meta\":{\"artist\":\"RADIO EJIDO\",\"album\":\"NUTRICION Y DIETETICA\",\"genre\":\"Pop\",\"year\":\"2025\",\"length_formatted\":\"25:05\"},\"image\":{\"src\":\"https:\/\/radioejido.com\/wp-includes\/images\/media\/audio.svg\",\"width\":48,\"height\":64},\"thumb\":{\"src\":\"https:\/\/radioejido.com\/wp-includes\/images\/media\/audio.svg\",\"width\":48,\"height\":64}},{\"src\":\"https:\/\/radioejido.com\/wp-content\/uploads\/2020\/11\/251110-NUTRICION-Y-DIETETICA-HELADOS-CERO-PROTEINA.mp3\",\"type\":\"audio\/mpeg\",\"title\":\"10\/11\/2025 NUTRICION Y DIETETICA - HELADOS CERO&amp; + PROTEINA\",\"caption\":\"\",\"description\":\"\\u00ab10\/11\/2025 NUTRICION Y DIETETICA - HELADOS CERO&amp; + PROTEINA\\u00bb en NUTRICION Y DIETETICA por RADIO EJIDO. Lanzamiento: 2025. Pista 17. G\\u00e9nero: Pop.\",\"meta\":{\"artist\":\"RADIO EJIDO\",\"album\":\"NUTRICION Y DIETETICA\",\"genre\":\"Pop\",\"year\":\"2025\",\"length_formatted\":\"22:34\"},\"image\":{\"src\":\"https:\/\/radioejido.com\/wp-includes\/images\/media\/audio.svg\",\"width\":48,\"height\":64},\"thumb\":{\"src\":\"https:\/\/radioejido.com\/wp-includes\/images\/media\/audio.svg\",\"width\":48,\"height\":64}},{\"src\":\"https:\/\/radioejido.com\/wp-content\/uploads\/2020\/11\/251103-NUTRICION-Y-DIETETICA-12-SEMANA-SALUDABLE-EL-EJIDO-2025.mp3\",\"type\":\"audio\/mpeg\",\"title\":\"03\/11\/2025 NUTRICION Y DIETETICA - 12 SEMANA SALUDABLE EL EJDIO\",\"caption\":\"\",\"description\":\"\\u00ab03\/11\/2025 NUTRICION Y DIETETICA - 12 SEMANA SALUDABLE EL EJDIO\\u00bb en NUTRICON Y DIETETICA por RADIO EJIDO. Lanzamiento: 2011. Pista 16.\",\"meta\":{\"artist\":\"RADIO EJIDO\",\"album\":\"NUTRICON Y DIETETICA\",\"year\":\"2011\",\"length_formatted\":\"29:17\"},\"image\":{\"src\":\"https:\/\/radioejido.com\/wp-includes\/images\/media\/audio.svg\",\"width\":48,\"height\":64},\"thumb\":{\"src\":\"https:\/\/radioejido.com\/wp-includes\/images\/media\/audio.svg\",\"width\":48,\"height\":64}},{\"src\":\"https:\/\/radioejido.com\/wp-content\/uploads\/2020\/11\/251027-NUTRICION-Y-DIETETICA-LOS-BENEFICIOS-DE-LA-PAPAYA.mp3\",\"type\":\"audio\/mpeg\",\"title\":\"27\/10\/2025  NUTRICION Y DIETETICA - LOS BENEFICIOS DE LA PAPAYA\",\"caption\":\"\",\"description\":\"\\u00ab27\/10\/2025  NUTRICION Y DIETETICA - LOS BENEFICIOS DE LA PAPAYA\\u00bb en NUTRICION Y DIETETICA por RADIO EJIDO. Lanzamiento: 2025. Pista 15. G\\u00e9nero: Pop.\",\"meta\":{\"artist\":\"RADIO EJIDO\",\"album\":\"NUTRICION Y DIETETICA\",\"genre\":\"Pop\",\"year\":\"2025\",\"length_formatted\":\"23:10\"},\"image\":{\"src\":\"https:\/\/radioejido.com\/wp-includes\/images\/media\/audio.svg\",\"width\":48,\"height\":64},\"thumb\":{\"src\":\"https:\/\/radioejido.com\/wp-includes\/images\/media\/audio.svg\",\"width\":48,\"height\":64}},{\"src\":\"https:\/\/radioejido.com\/wp-content\/uploads\/2020\/11\/251020-NUTRICION-Y-DIETETICA-FRUTOS-DEL-BOSQUE.mp3\",\"type\":\"audio\/mpeg\",\"title\":\"20\/10\/2025 NUTRICION Y DIETETICA _ FRUTOS DEL BOSQUE\",\"caption\":\"\",\"description\":\"\\u00ab20\/10\/2025 NUTRICION Y DIETETICA _ FRUTOS DEL BOSQUE\\u00bb en NUTRICION Y DIETETICA por RADIO EJIDO. Lanzamiento: 2025. Pista 14.\",\"meta\":{\"artist\":\"RADIO EJIDO\",\"album\":\"NUTRICION Y DIETETICA\",\"year\":\"2025\",\"length_formatted\":\"20:08\"},\"image\":{\"src\":\"https:\/\/radioejido.com\/wp-includes\/images\/media\/audio.svg\",\"width\":48,\"height\":64},\"thumb\":{\"src\":\"https:\/\/radioejido.com\/wp-includes\/images\/media\/audio.svg\",\"width\":48,\"height\":64}},{\"src\":\"https:\/\/radioejido.com\/wp-content\/uploads\/2020\/11\/251006-NUTRICION-Y-DIETETICA-9-SUSTITUTOS-DE-LA-MANTEQUILLA.mp3\",\"type\":\"audio\/mpeg\",\"title\":\"06\/10\/2025 NUTRICION Y DIETETICA - 9 SUSTITUTOS DE LA MANTEQUILLA\",\"caption\":\"\",\"description\":\"\\u00ab06\/10\/2025 NUTRICION Y DIETETICA - 9 SUSTITUTOS DE LA MANTEQUILLA \\u00bb en NUTRICION Y DIETETICA por RADIO EJIDO. Lanzamiento: 2025. Pista 13. G\\u00e9nero: Pop.\",\"meta\":{\"artist\":\"RADIO EJIDO\",\"album\":\"NUTRICION Y DIETETICA\",\"genre\":\"Pop\",\"year\":\"2025\",\"length_formatted\":\"22:57\"},\"image\":{\"src\":\"https:\/\/radioejido.com\/wp-includes\/images\/media\/audio.svg\",\"width\":48,\"height\":64},\"thumb\":{\"src\":\"https:\/\/radioejido.com\/wp-includes\/images\/media\/audio.svg\",\"width\":48,\"height\":64}},{\"src\":\"https:\/\/radioejido.com\/wp-content\/uploads\/2020\/11\/250623-NUTRICION-Y-DIETETICA-PREVENIR-INTOXICACIONES-ALIMENTARIAS-EN-VERANO.mp3\",\"type\":\"audio\/mpeg\",\"title\":\"23\/06\/2025 NUTRICION Y DIETETICA - PREVENIR INTOXICACIONES ALIMENTARIAS EN VERANO\",\"caption\":\"\",\"description\":\"\\u00ab23\/06\/2025 NUTRICION Y DIETETICA - PREVENIR INTOXICACIONES ALIMENTARIAS EN VERANO\\u00bb en NUTRCION Y DIETETICA por RADIO EJIDO. Lanzamiento: 2025. Pista 12. G\\u00e9nero: Pop.\",\"meta\":{\"artist\":\"RADIO EJIDO\",\"album\":\"NUTRCION Y DIETETICA\",\"genre\":\"Pop\",\"year\":\"2025\",\"length_formatted\":\"20:49\"},\"image\":{\"src\":\"https:\/\/radioejido.com\/wp-includes\/images\/media\/audio.svg\",\"width\":48,\"height\":64},\"thumb\":{\"src\":\"https:\/\/radioejido.com\/wp-includes\/images\/media\/audio.svg\",\"width\":48,\"height\":64}},{\"src\":\"https:\/\/radioejido.com\/wp-content\/uploads\/2020\/11\/250609-NUTRICION-Y-DIETETICA-SUENO-Y-NUTRICION-1.mp3\",\"type\":\"audio\/mpeg\",\"title\":\"09\/06\/2025 NUTRICION Y DIETETICA - SUE\\u00d1O Y NUTRICION\",\"caption\":\"\",\"description\":\"\\u00ab09\/06\/2025 NUTRICION Y DIETETICA - SUE\\u00d1O Y NUTRICION\\u00bb en NUTRICION Y DIETETICA por RADIO EJIDO. Lanzamiento: 2025. Pista 11. G\\u00e9nero: Pop.\",\"meta\":{\"artist\":\"RADIO EJIDO\",\"album\":\"NUTRICION Y DIETETICA\",\"genre\":\"Pop\",\"year\":\"2025\",\"length_formatted\":\"23:29\"},\"image\":{\"src\":\"https:\/\/radioejido.com\/wp-includes\/images\/media\/audio.svg\",\"width\":48,\"height\":64},\"thumb\":{\"src\":\"https:\/\/radioejido.com\/wp-includes\/images\/media\/audio.svg\",\"width\":48,\"height\":64}},{\"src\":\"https:\/\/radioejido.com\/wp-content\/uploads\/2020\/11\/250602-NUTRICION-Y-DIETETICA-PILARES-FUNDAMENTALES-DE-UNA-ALIMENTACION-SALUDABLE-1.mp3\",\"type\":\"audio\/mpeg\",\"title\":\"02\/06\/2025 NUTRICION DIETETICA - PILARES FUNDAMENTALES DE UNA ALIMENTACION SALUDABLE\",\"caption\":\"\",\"description\":\"\\u00ab02\/06\/2025 NUTRICION DIETETICA - PILARES FUNDAMENTALES DE UNA ALIMENTACION SALUDABLE\\u00bb en Nutrici\\u00f3n y Dietet\\u00e9tica por Radio Ejido. Lanzamiento: 2025. Pista 10. G\\u00e9nero: Pop.\",\"meta\":{\"artist\":\"Radio Ejido\",\"album\":\"Nutrici\\u00f3n y Dietet\\u00e9tica\",\"genre\":\"Pop\",\"year\":\"2025\",\"length_formatted\":\"20:12\"},\"image\":{\"src\":\"https:\/\/radioejido.com\/wp-includes\/images\/media\/audio.svg\",\"width\":48,\"height\":64},\"thumb\":{\"src\":\"https:\/\/radioejido.com\/wp-includes\/images\/media\/audio.svg\",\"width\":48,\"height\":64}},{\"src\":\"https:\/\/radioejido.com\/wp-content\/uploads\/2020\/11\/250505-NUTRICION-Y-DIETETICA-DIETA-SUECA.mp3\",\"type\":\"audio\/mpeg\",\"title\":\"05\/05\/2025 NUTRICON Y DIETETICA - DIETA SUECA\",\"caption\":\"\",\"description\":\"\\u00ab05\/05\/2025 NUTRICON Y DIETETICA - DIETA SUECA\\u00bb en NUTRICION Y DIETETICA por RADIO EJIDO. Lanzamiento: 2025. Pista 8. G\\u00e9nero: Pop.\",\"meta\":{\"artist\":\"RADIO EJIDO\",\"album\":\"NUTRICION Y DIETETICA\",\"genre\":\"Pop\",\"year\":\"2025\",\"length_formatted\":\"21:22\"},\"image\":{\"src\":\"https:\/\/radioejido.com\/wp-includes\/images\/media\/audio.svg\",\"width\":48,\"height\":64},\"thumb\":{\"src\":\"https:\/\/radioejido.com\/wp-includes\/images\/media\/audio.svg\",\"width\":48,\"height\":64}},{\"src\":\"https:\/\/radioejido.com\/wp-content\/uploads\/2020\/11\/250407-NUTRICION-Y-DIETETICA-ADITIVOS-ALIMENTARIOS.mp3\",\"type\":\"audio\/mpeg\",\"title\":\"07\/04\/2025 NUTRICION Y DIETETICA - ADITIVOS ALIMENTARIOS\",\"caption\":\"\",\"description\":\"\\u00ab07\/04\/2025 NUTRICION Y DIETETICA - ADITIVOS ALIMENTARIOS\\u00bb en NUTRICION Y DIETETICA por RADIO EJIDO. Lanzamiento: 2025. Pista 7. G\\u00e9nero: Pop.\",\"meta\":{\"artist\":\"RADIO EJIDO\",\"album\":\"NUTRICION Y DIETETICA\",\"genre\":\"Pop\",\"year\":\"2025\",\"length_formatted\":\"28:40\"},\"image\":{\"src\":\"https:\/\/radioejido.com\/wp-includes\/images\/media\/audio.svg\",\"width\":48,\"height\":64},\"thumb\":{\"src\":\"https:\/\/radioejido.com\/wp-includes\/images\/media\/audio.svg\",\"width\":48,\"height\":64}},{\"src\":\"https:\/\/radioejido.com\/wp-content\/uploads\/2020\/11\/250324-NUTRICION-Y-DIETETICA-GRASAS-SALUDABLES.mp3\",\"type\":\"audio\/mpeg\",\"title\":\"24\/03\/2025  NUTRICION Y DIETETICA - GRASAS SALUDABLES\",\"caption\":\"\",\"description\":\"\\u00ab24\/03\/2025  NUTRICION Y DIETETICA - GRASAS SALUDABLES \\u00bb en NUTRICION Y DIETETICA por RADIO EJIDO. Lanzamiento: 2025. Pista 6. G\\u00e9nero: Oldies.\",\"meta\":{\"artist\":\"RADIO EJIDO\",\"album\":\"NUTRICION Y DIETETICA\",\"genre\":\"Oldies\",\"year\":\"2025\",\"length_formatted\":\"24:10\"},\"image\":{\"src\":\"https:\/\/radioejido.com\/wp-includes\/images\/media\/audio.svg\",\"width\":48,\"height\":64},\"thumb\":{\"src\":\"https:\/\/radioejido.com\/wp-includes\/images\/media\/audio.svg\",\"width\":48,\"height\":64}},{\"src\":\"https:\/\/radioejido.com\/wp-content\/uploads\/2020\/11\/250303-NUTRICION-Y-DIETETICA-II-Congreso-Internacional-de-Gastronomia-Verde-VESTIAL.mp3\",\"type\":\"audio\/mpeg\",\"title\":\"03\/03\/2025 NUTRICION Y DIETETICA - II EDICION VESTIAL\",\"caption\":\"\",\"description\":\"\\u00ab03\/03\/2025 NUTRICION Y DIETETICA - II EDICION VESTIAL \\u00bb en NUTRICION Y DIETETICA por RADIO EJIDO. Lanzamiento: 2025. Pista 4. G\\u00e9nero: Other.\",\"meta\":{\"artist\":\"RADIO EJIDO\",\"album\":\"NUTRICION Y DIETETICA\",\"genre\":\"Other\",\"year\":\"2025\",\"length_formatted\":\"21:53\"},\"image\":{\"src\":\"https:\/\/radioejido.com\/wp-includes\/images\/media\/audio.svg\",\"width\":48,\"height\":64},\"thumb\":{\"src\":\"https:\/\/radioejido.com\/wp-includes\/images\/media\/audio.svg\",\"width\":48,\"height\":64}},{\"src\":\"https:\/\/radioejido.com\/wp-content\/uploads\/2020\/11\/250221-NUTRICION-Y-DIETETICA-CARNES-DE-TEMPORADA-EN-INVIERNO.mp3\",\"type\":\"audio\/mpeg\",\"title\":\"24\/02\/2025 NUTRICION Y DIETETICA - CARNES DE TEMPORADA EN INVIERNO\",\"caption\":\"\",\"description\":\"\\u00ab24\/02\/2025 NUTRICION Y DIETETICA - CARNES DE TEMPORADA EN INVIERNO\\u00bb en NUTRICION Y DIETETICA por RADIO EJIDO. Lanzamiento: 2025. Pista 3. G\\u00e9nero: Oldies.\",\"meta\":{\"artist\":\"RADIO EJIDO\",\"album\":\"NUTRICION Y DIETETICA\",\"genre\":\"Oldies\",\"year\":\"2025\",\"length_formatted\":\"22:34\"},\"image\":{\"src\":\"https:\/\/radioejido.com\/wp-includes\/images\/media\/audio.svg\",\"width\":48,\"height\":64},\"thumb\":{\"src\":\"https:\/\/radioejido.com\/wp-includes\/images\/media\/audio.svg\",\"width\":48,\"height\":64}},{\"src\":\"https:\/\/radioejido.com\/wp-content\/uploads\/2020\/11\/250217-NUTRICION-Y-DIETETICA-VERDURAS-DE-TEMPORADA-EN-INVIERNO.mp3\",\"type\":\"audio\/mpeg\",\"title\":\"17\/02\/2025 NUTRICION Y DIETETICA - VERDURAS DE TEMPORADA EN  INVIERNO\",\"caption\":\"\",\"description\":\"\\u00ab17\/02\/2025 NUTRICION Y DIETETICA - VERDURAS DE TEMPORADA EN  INVIERNO\\u00bb en NUTRICION Y DIETETICA por RADIO EJIDO. Lanzamiento: 2025. Pista 2. G\\u00e9nero: Oldies.\",\"meta\":{\"artist\":\"RADIO EJIDO\",\"album\":\"NUTRICION Y DIETETICA\",\"genre\":\"Oldies\",\"year\":\"2025\",\"length_formatted\":\"22:25\"},\"image\":{\"src\":\"https:\/\/radioejido.com\/wp-includes\/images\/media\/audio.svg\",\"width\":48,\"height\":64},\"thumb\":{\"src\":\"https:\/\/radioejido.com\/wp-includes\/images\/media\/audio.svg\",\"width\":48,\"height\":64}},{\"src\":\"https:\/\/radioejido.com\/wp-content\/uploads\/2020\/11\/250210_NUTRICION-Y-DIETETICA-FRUTAS-DE-TEMPORADA-EN-NVIERNO.mp3\",\"type\":\"audio\/mpeg\",\"title\":\"10\/02\/2025_NUTRICION Y DIETETICA - FRUTAS DE TEMPORADA EN NVIERNO\",\"caption\":\"\",\"description\":\"\\u00ab10\/02\/2025_NUTRICION Y DIETETICA - FRUTAS DE TEMPORADA EN NVIERNO\\u00bb en NUTRICION Y DIETETICA por RADIO EJIDO. Lanzamiento: 2025. Pista 1. G\\u00e9nero: Oldies.\",\"meta\":{\"artist\":\"RADIO EJIDO\",\"album\":\"NUTRICION Y DIETETICA\",\"genre\":\"Oldies\",\"year\":\"2025\",\"length_formatted\":\"25:17\"},\"image\":{\"src\":\"https:\/\/radioejido.com\/wp-includes\/images\/media\/audio.svg\",\"width\":48,\"height\":64},\"thumb\":{\"src\":\"https:\/\/radioejido.com\/wp-includes\/images\/media\/audio.svg\",\"width\":48,\"height\":64}},{\"src\":\"https:\/\/radioejido.com\/wp-content\/uploads\/2020\/11\/241230-NUTRICION-Y-DIETETICA-ALIMENTOS-DE-NAVIDAD-EN-NAVIDAD.mp3\",\"type\":\"audio\/mpeg\",\"title\":\"30\/12\/2024 NUTRICION Y DIETETICA - ALIMENTOS DE NAVIDAD EN NAVIDAD\",\"caption\":\"\",\"description\":\"\\u00ab30\/12\/2024 NUTRICION Y DIETETICA - ALIMENTOS DE NAVIDAD EN NAVIDAD\\u00bb en NUTRICION Y DIETETICA por RADIO EJIDO. Lanzamiento: 2024. Pista 30. G\\u00e9nero: Oldies.\",\"meta\":{\"artist\":\"RADIO EJIDO\",\"album\":\"NUTRICION Y DIETETICA\",\"genre\":\"Oldies\",\"year\":\"2024\",\"length_formatted\":\"30:39\"},\"image\":{\"src\":\"https:\/\/radioejido.com\/wp-includes\/images\/media\/audio.svg\",\"width\":48,\"height\":64},\"thumb\":{\"src\":\"https:\/\/radioejido.com\/wp-includes\/images\/media\/audio.svg\",\"width\":48,\"height\":64}},{\"src\":\"https:\/\/radioejido.com\/wp-content\/uploads\/2020\/11\/241202-NUTRICION-Y-DIETETICA-POSTPARTO-Y-AUTOCUIDADO-1.mp3\",\"type\":\"audio\/mpeg\",\"title\":\"02\/12\/2024 NUTRICION Y DIETETICA - POSTPARTO Y AUTOCUIDADO\",\"caption\":\"\",\"description\":\"\\u00ab241202 NUTRICION Y DIETETICA - POSTPARTO Y AUTOCUIDADO\\u00bb en NUTRICION Y DIETETICA por RADIO EJIDO. Lanzamiento: 2024. Pista 29. G\\u00e9nero: Oldies.\",\"meta\":{\"artist\":\"RADIO EJIDO\",\"album\":\"NUTRICION Y DIETETICA\",\"genre\":\"Oldies\",\"year\":\"2024\",\"length_formatted\":\"19:51\"},\"image\":{\"src\":\"https:\/\/radioejido.com\/wp-includes\/images\/media\/audio.svg\",\"width\":48,\"height\":64},\"thumb\":{\"src\":\"https:\/\/radioejido.com\/wp-includes\/images\/media\/audio.svg\",\"width\":48,\"height\":64}},{\"src\":\"https:\/\/radioejido.com\/wp-content\/uploads\/2020\/11\/241125-NUTRICON-Y-DIETETICA-LA-IMPORTANCIA-DE-LA-DIETA-PARA-PREVENIR-ENFERMEDADES-RELACIONADAS-CON-LA-ALIMENTACION.mp3\",\"type\":\"audio\/mpeg\",\"title\":\"25\/11\/2024 NUTRICON Y DIETETICA _ LA IMORTANCIA DE LA DIETA PARA PREVENIR ENFERMEDADES RELACIONADAS CON LA ALIMENTACION\",\"caption\":\"\",\"description\":\"\\u00ab25\/11\/2024 NUTRICON Y DIETETICA _ LA IMORTANCIA DE LA DIETA PARA PREVENIR ENFERMEDADES RELACIONADAS CON LA ALIMENTACION\\u00bb en NUTRICION Y DIETETICA por RADIO EJIDO. Lanzamiento: 2024. Pista 28. G\\u00e9nero: Oldies.\",\"meta\":{\"artist\":\"RADIO EJIDO\",\"album\":\"NUTRICION Y DIETETICA\",\"genre\":\"Oldies\",\"year\":\"2024\",\"length_formatted\":\"27:02\"},\"image\":{\"src\":\"https:\/\/radioejido.com\/wp-includes\/images\/media\/audio.svg\",\"width\":48,\"height\":64},\"thumb\":{\"src\":\"https:\/\/radioejido.com\/wp-includes\/images\/media\/audio.svg\",\"width\":48,\"height\":64}},{\"src\":\"https:\/\/radioejido.com\/wp-content\/uploads\/2020\/11\/241111-NUTRICION-Y-DIETETICA-IMPORTANCIA-DE-LA-ALIMENTACION-EN-EL-DESARROLLO-INFANTIL.mp3\",\"type\":\"audio\/mpeg\",\"title\":\"11\/11\/2024 NUTRICION Y DIETETICA - IMPORTANCIA DE LA ALIMENTACION EN EL DESARROLLO INFANTIL\",\"caption\":\"\",\"description\":\"\\u00ab241111 NUTRICION Y DIETETICA - IMPORTANCIA DE LA ALIMENTACION EN EL DESARROLLO INFANTIL\\u00bb en NUTRICION Y DIETETICA por RADIO EJIDO. Lanzamiento: 2024. Pista 26. G\\u00e9nero: Oldies.\",\"meta\":{\"artist\":\"RADIO EJIDO\",\"album\":\"NUTRICION Y DIETETICA\",\"genre\":\"Oldies\",\"year\":\"2024\",\"length_formatted\":\"33:25\"},\"image\":{\"src\":\"https:\/\/radioejido.com\/wp-includes\/images\/media\/audio.svg\",\"width\":48,\"height\":64},\"thumb\":{\"src\":\"https:\/\/radioejido.com\/wp-includes\/images\/media\/audio.svg\",\"width\":48,\"height\":64}},{\"src\":\"https:\/\/radioejido.com\/wp-content\/uploads\/2020\/11\/241028-NUTRICION-Y-DIETETICA-DIETA-ANTIINFLAMATORIA.mp3\",\"type\":\"audio\/mpeg\",\"title\":\"28\/10\/2024 NUTRICION Y DIETETICA - DIETA ANTIINFLAMATORIA\",\"caption\":\"\",\"description\":\"\\u00ab28\/10\/2024 NUTRICION Y DIETETICA - DIETA ANTIINFLAMATORIA\\u00bb en NUTRICION Y DIETETICA por RADIO EJIDO. Lanzamiento: 2024. Pista 25. G\\u00e9nero: Oldies.\",\"meta\":{\"artist\":\"RADIO EJIDO\",\"album\":\"NUTRICION Y DIETETICA\",\"genre\":\"Oldies\",\"year\":\"2024\",\"length_formatted\":\"27:01\"},\"image\":{\"src\":\"https:\/\/radioejido.com\/wp-includes\/images\/media\/audio.svg\",\"width\":48,\"height\":64},\"thumb\":{\"src\":\"https:\/\/radioejido.com\/wp-includes\/images\/media\/audio.svg\",\"width\":48,\"height\":64}},{\"src\":\"https:\/\/radioejido.com\/wp-content\/uploads\/2020\/11\/241018-NUTRICION-Y-DIETETICA-EL-GLUTEN-Y-SU-ALTERNATIVA.mp3\",\"type\":\"audio\/mpeg\",\"title\":\"21\/10\/2024 NUTRICION Y DIETETICA - EL GLUTEN Y SU ALTERNATIVA\",\"caption\":\"\",\"description\":\"\\u00ab21\/10\/2024 NUTRICION Y DIETETICA - EL GLUTEN Y SU ALTERNATIVA\\u00bb en NURICION Y DIETETICA por RADIO EJIDO. Lanzamiento: 2024. Pista 24. G\\u00e9nero: Oldies.\",\"meta\":{\"artist\":\"RADIO EJIDO\",\"album\":\"NURICION Y DIETETICA\",\"genre\":\"Oldies\",\"year\":\"2024\",\"length_formatted\":\"27:41\"},\"image\":{\"src\":\"https:\/\/radioejido.com\/wp-includes\/images\/media\/audio.svg\",\"width\":48,\"height\":64},\"thumb\":{\"src\":\"https:\/\/radioejido.com\/wp-includes\/images\/media\/audio.svg\",\"width\":48,\"height\":64}},{\"src\":\"https:\/\/radioejido.com\/wp-content\/uploads\/2020\/11\/230213-NUTRICION-Y-DIETETICA-LACTANCIA-MATERNA-Y-ALIMENTACION-COMPLEMENTARIA.mp3\",\"type\":\"audio\/mpeg\",\"title\":\"13\/02\/2023 NUTRICION Y DIETETICA - LACTANCIA MATERNA Y ALIMENTACION COMPLEMENTARIA\",\"caption\":\"\",\"description\":\"\\u00ab13\/02\/2023 NUTRICION Y DIETETICA - LACTANCIA MATERNA Y ALIMENTACION COMPLEMENTARIA\\u00bb en NUTRICION Y DIETETICA por RADIO EJIDO. Lanzamiento: 2023. G\\u00e9nero: Blues.\",\"meta\":{\"artist\":\"RADIO EJIDO\",\"album\":\"NUTRICION Y DIETETICA\",\"genre\":\"Blues\",\"year\":\"2023\",\"length_formatted\":\"22:09\"},\"image\":{\"src\":\"https:\/\/radioejido.com\/wp-includes\/images\/media\/audio.svg\",\"width\":48,\"height\":64},\"thumb\":{\"src\":\"https:\/\/radioejido.com\/wp-includes\/images\/media\/audio.svg\",\"width\":48,\"height\":64}},{\"src\":\"https:\/\/radioejido.com\/wp-content\/uploads\/2020\/11\/241011-NUTRICION-Y-DIETETICA-LOS-ANTIOXIDANTES.mp3\",\"type\":\"audio\/mpeg\",\"title\":\"14\/10\/2024 NUTRICION Y DIETETICA - LOS ANTIOXIDANTES\",\"caption\":\"\",\"description\":\"\\u00ab14\/10\/2024 NUTRICION Y DIETETICA - LOS ANTIOXIDANTES\\u00bb en NUTRICION Y DIETETICA por RADIO EJIDO. Lanzamiento: 2024. Pista 23. G\\u00e9nero: Other.\",\"meta\":{\"artist\":\"RADIO EJIDO\",\"album\":\"NUTRICION Y DIETETICA\",\"genre\":\"Other\",\"year\":\"2024\",\"length_formatted\":\"25:31\"},\"image\":{\"src\":\"https:\/\/radioejido.com\/wp-includes\/images\/media\/audio.svg\",\"width\":48,\"height\":64},\"thumb\":{\"src\":\"https:\/\/radioejido.com\/wp-includes\/images\/media\/audio.svg\",\"width\":48,\"height\":64}},{\"src\":\"https:\/\/radioejido.com\/wp-content\/uploads\/2020\/11\/241007-NUTRICION-Y-DIETETICA-10-CONSEJOS-PARA-HACER-DIETA-DESPUES-DEL-VERANO.mp3\",\"type\":\"audio\/mpeg\",\"title\":\"07\/10\/2024 NUTRICION Y DIETETICA - 10 CONSEJOS PARA HACER DIETA DESPUES DEL VERANO\",\"caption\":\"\",\"description\":\"\\u00ab07\/10\/2024 NUTRICION Y DIETETICA - 10 CONSEJOS PARA HACER DIETA DESPUES DEL VERANO\\u00bb en NUTRICION Y DIETETICA por RADIO EJIDO . Lanzamiento: 2024. Pista 22. G\\u00e9nero: Oldies.\",\"meta\":{\"artist\":\"RADIO EJIDO\",\"album\":\"NUTRICION Y DIETETICA\",\"genre\":\"Oldies\",\"year\":\"2024\",\"length_formatted\":\"25:26\"},\"image\":{\"src\":\"https:\/\/radioejido.com\/wp-includes\/images\/media\/audio.svg\",\"width\":48,\"height\":64},\"thumb\":{\"src\":\"https:\/\/radioejido.com\/wp-includes\/images\/media\/audio.svg\",\"width\":48,\"height\":64}},{\"src\":\"https:\/\/radioejido.com\/wp-content\/uploads\/2020\/11\/240722-NUTRICION-Y-DIETETICA-LA-NEVERA-DE-LA-PLAYA.mp3\",\"type\":\"audio\/mpeg\",\"title\":\"22\/07\/2024 NUTRICION Y DIETETICA - LA NEVERA DE LA PLAYA\",\"caption\":\"\",\"description\":\"\\u00ab22\/07\/2024 NUTRICION Y DIETETICA - LA NEVERA DE LA PLAYA\\u00bb en NUTRICION Y DIETETICA por RADIO EJIDO. Lanzamiento: 2024. Pista 21. G\\u00e9nero: Oldies.\",\"meta\":{\"artist\":\"RADIO EJIDO\",\"album\":\"NUTRICION Y DIETETICA\",\"genre\":\"Oldies\",\"year\":\"2024\",\"length_formatted\":\"25:06\"},\"image\":{\"src\":\"https:\/\/radioejido.com\/wp-includes\/images\/media\/audio.svg\",\"width\":48,\"height\":64},\"thumb\":{\"src\":\"https:\/\/radioejido.com\/wp-includes\/images\/media\/audio.svg\",\"width\":48,\"height\":64}},{\"src\":\"https:\/\/radioejido.com\/wp-content\/uploads\/2020\/11\/240715-NUTRICION-Y-DIETETICA-PLATOS-TIPICOS-VERANO-VOL-II.mp3\",\"type\":\"audio\/mpeg\",\"title\":\"15\/07\/2024 NUTRICION Y DIETETICA - PLATOS TIPICOS VERANO VOL II\",\"caption\":\"\",\"description\":\"\\u00ab15\/07\/2024 NUTRICION Y DIETETICA - PLATOS TIPICOS VERANO VOL II\\u00bb en NUTRICION Y DIETETICA por RADIO EJIDO. Lanzamiento: 2024. Pista 20. G\\u00e9nero: Oldies.\",\"meta\":{\"artist\":\"RADIO EJIDO\",\"album\":\"NUTRICION Y DIETETICA\",\"genre\":\"Oldies\",\"year\":\"2024\",\"length_formatted\":\"24:06\"},\"image\":{\"src\":\"https:\/\/radioejido.com\/wp-includes\/images\/media\/audio.svg\",\"width\":48,\"height\":64},\"thumb\":{\"src\":\"https:\/\/radioejido.com\/wp-includes\/images\/media\/audio.svg\",\"width\":48,\"height\":64}},{\"src\":\"https:\/\/radioejido.com\/wp-content\/uploads\/2020\/11\/240708_NUTRICON-Y-DIETETICA-PLATOS-TIPICOS-VERANO-VOL-I-1.mp3\",\"type\":\"audio\/mpeg\",\"title\":\"08\/07\/2024_NUTRICON Y DIETETICA - PLATOS TIPICOS VERANO VOL I\",\"caption\":\"\",\"description\":\"\\u00ab08\/07\/2024_NUTRICON Y DIETETICA - PLATOS TIPICOS VERANO VOL I\\u00bb en NUTRICION Y DIETETICA por RADIO EJIDO. Lanzamiento: 2024. Pista 19. G\\u00e9nero: Oldies.\",\"meta\":{\"artist\":\"RADIO EJIDO\",\"album\":\"NUTRICION Y DIETETICA\",\"genre\":\"Oldies\",\"year\":\"2024\",\"length_formatted\":\"26:34\"},\"image\":{\"src\":\"https:\/\/radioejido.com\/wp-includes\/images\/media\/audio.svg\",\"width\":48,\"height\":64},\"thumb\":{\"src\":\"https:\/\/radioejido.com\/wp-includes\/images\/media\/audio.svg\",\"width\":48,\"height\":64}},{\"src\":\"https:\/\/radioejido.com\/wp-content\/uploads\/2020\/11\/240624-NUTRICION-Y-DIETETICA-ENSALADAS-VERANO.mp3\",\"type\":\"audio\/mpeg\",\"title\":\"24\/06\/2024 NUTRICION Y DIETETICA - ENSALADAS DE VERANO\",\"caption\":\"\",\"description\":\"\\u00ab24\/06\/2024 NUTRICION Y DIETETICA - ENSALADAS DE VERANO\\u00bb en NUTRICION Y DIETETICA por RADIO EJIDO. Lanzamiento: 2024. Pista 18. G\\u00e9nero: Other.\",\"meta\":{\"artist\":\"RADIO EJIDO\",\"album\":\"NUTRICION Y DIETETICA\",\"genre\":\"Other\",\"year\":\"2024\",\"length_formatted\":\"21:43\"},\"image\":{\"src\":\"https:\/\/radioejido.com\/wp-includes\/images\/media\/audio.svg\",\"width\":48,\"height\":64},\"thumb\":{\"src\":\"https:\/\/radioejido.com\/wp-includes\/images\/media\/audio.svg\",\"width\":48,\"height\":64}},{\"src\":\"https:\/\/radioejido.com\/wp-content\/uploads\/2020\/11\/241018-NUTRICION-Y-DIETETICA-EL-GLUTEN-Y-SU-ALTERNATIVA-1.mp3\",\"type\":\"audio\/mpeg\",\"title\":\"21\/10\/2024 NUTRICION Y DIETETICA - EL GLUTEN Y SU ALTERNATIVA\",\"caption\":\"\",\"description\":\"\\u00ab21\/10\/2024 NUTRICION Y DIETETICA - EL GLUTEN Y SU ALTERNATIVA\\u00bb en NURICION Y DIETETICA por RADIO EJIDO. Lanzamiento: 2024. Pista 24. G\\u00e9nero: Oldies.\",\"meta\":{\"artist\":\"RADIO EJIDO\",\"album\":\"NURICION Y DIETETICA\",\"genre\":\"Oldies\",\"year\":\"2024\",\"length_formatted\":\"27:41\"},\"image\":{\"src\":\"https:\/\/radioejido.com\/wp-includes\/images\/media\/audio.svg\",\"width\":48,\"height\":64},\"thumb\":{\"src\":\"https:\/\/radioejido.com\/wp-includes\/images\/media\/audio.svg\",\"width\":48,\"height\":64}},{\"src\":\"https:\/\/radioejido.com\/wp-content\/uploads\/2020\/11\/240617-NUTRICION-Y-DIETETICA-REDUCCION-INGESTA-DE-SODIO.mp3\",\"type\":\"audio\/mpeg\",\"title\":\"17\/06\/2024 NUTRICION Y DIETETICA - REDUCCION D LA INGESTA DE SODIO\",\"caption\":\"\",\"description\":\"\\u00ab17\/06\/202 NUTRICION Y DIETETICA - REDUCCION D LA INGESTA DE SODIO\\u00bb en NUTRICON Y DIETETICA por RADIO EJIDO. Lanzamiento: 2024. Pista 17. G\\u00e9nero: Oldies.\",\"meta\":{\"artist\":\"RADIO EJIDO\",\"album\":\"NUTRICON Y DIETETICA\",\"genre\":\"Oldies\",\"year\":\"2024\",\"length_formatted\":\"19:52\"},\"image\":{\"src\":\"https:\/\/radioejido.com\/wp-includes\/images\/media\/audio.svg\",\"width\":48,\"height\":64},\"thumb\":{\"src\":\"https:\/\/radioejido.com\/wp-includes\/images\/media\/audio.svg\",\"width\":48,\"height\":64}},{\"src\":\"https:\/\/radioejido.com\/wp-content\/uploads\/2020\/11\/240603-NUTRICION-Y-DIETETICA-TE.mp3\",\"type\":\"audio\/mpeg\",\"title\":\"03\/06\/25024 NUTRICION Y DIETETICA - TE\",\"caption\":\"\",\"description\":\"\\u00ab03\/06\/25024 NUTRICION Y DIETETICA - TE\\u00bb en NUTRICION Y DIETETICA por RADIO EJIDO. Lanzamiento: 2024. Pista 16. G\\u00e9nero: Oldies.\",\"meta\":{\"artist\":\"RADIO EJIDO\",\"album\":\"NUTRICION Y DIETETICA\",\"genre\":\"Oldies\",\"year\":\"2024\",\"length_formatted\":\"30:55\"},\"image\":{\"src\":\"https:\/\/radioejido.com\/wp-includes\/images\/media\/audio.svg\",\"width\":48,\"height\":64},\"thumb\":{\"src\":\"https:\/\/radioejido.com\/wp-includes\/images\/media\/audio.svg\",\"width\":48,\"height\":64}},{\"src\":\"https:\/\/radioejido.com\/wp-content\/uploads\/2020\/11\/240527-NUTRICION-Y-DIETETICA-LAS-INTOLERANCIAS-MAS-COMUNES.mp3\",\"type\":\"audio\/mpeg\",\"title\":\"27\/05\/2024 NUTRICION Y DIETETICA - LAS INTOLERANCIAS MAS COMUNES\",\"caption\":\"\",\"description\":\"\\u00ab240526 NUTRICION Y DIETETICA - LAS INTOLERANCIAS MAS COMUNES \\u00bb en NUTRICION Y DIETETICA por RADIO EJIDO. Lanzamiento: 2024. Pista 15. G\\u00e9nero: Oldies.\",\"meta\":{\"artist\":\"RADIO EJIDO\",\"album\":\"NUTRICION Y DIETETICA\",\"genre\":\"Oldies\",\"year\":\"2024\",\"length_formatted\":\"22:46\"},\"image\":{\"src\":\"https:\/\/radioejido.com\/wp-includes\/images\/media\/audio.svg\",\"width\":48,\"height\":64},\"thumb\":{\"src\":\"https:\/\/radioejido.com\/wp-includes\/images\/media\/audio.svg\",\"width\":48,\"height\":64}},{\"src\":\"https:\/\/radioejido.com\/wp-content\/uploads\/2020\/11\/240513-NUTRICION-Y-DIETETICA-TERMINOLOGIA-COCINA-ESPANOLA.mp3\",\"type\":\"audio\/mpeg\",\"title\":\"13\/05\/2024 NUTRICION Y DIETETICA - TERMINOLOGIA COCINA ESPA\\u00d1OLA\",\"caption\":\"\",\"description\":\"\\u00ab13\/05\/2024 NUTRICION Y DIETETICA - TERMINOLOGIA COCINA ESPA\\u00d1OLA\\u00bb en NUTRICION Y DIETETICA por RADIO EJDIO. Lanzamiento: 2024. Pista 14. G\\u00e9nero: Oldies.\",\"meta\":{\"artist\":\"RADIO EJDIO\",\"album\":\"NUTRICION Y DIETETICA\",\"genre\":\"Oldies\",\"year\":\"2024\",\"length_formatted\":\"19:42\"},\"image\":{\"src\":\"https:\/\/radioejido.com\/wp-includes\/images\/media\/audio.svg\",\"width\":48,\"height\":64},\"thumb\":{\"src\":\"https:\/\/radioejido.com\/wp-includes\/images\/media\/audio.svg\",\"width\":48,\"height\":64}},{\"src\":\"https:\/\/radioejido.com\/wp-content\/uploads\/2020\/11\/240506-NUTRICION-Y-DIETETICA-TERMINOLOGIA-COCINA-FRANCESA.mp3\",\"type\":\"audio\/mpeg\",\"title\":\"06\/05\/2024 NUTRICION Y DIETETICA - TERMINOLOGIA COCINA FRANCESA\",\"caption\":\"\",\"description\":\"\\u00ab06\/05\/2024 NUTRICION Y DIETETICA - TERMINOLOGIA COCINA FRANCESA\\u00bb en NUTRICION Y DIETETICA por Radio Ejido. Lanzamiento: 2024. Pista 13. G\\u00e9nero: Other.\",\"meta\":{\"artist\":\"Radio Ejido\",\"album\":\"NUTRICION Y DIETETICA\",\"genre\":\"Other\",\"year\":\"2024\",\"length_formatted\":\"21:18\"},\"image\":{\"src\":\"https:\/\/radioejido.com\/wp-includes\/images\/media\/audio.svg\",\"width\":48,\"height\":64},\"thumb\":{\"src\":\"https:\/\/radioejido.com\/wp-includes\/images\/media\/audio.svg\",\"width\":48,\"height\":64}},{\"src\":\"https:\/\/radioejido.com\/wp-content\/uploads\/2020\/11\/240429-NUTRICION-Y-DIETETICA-_-ALIMENTOS-DE-TEMPORADA-PRIMAVERA-CARNES.mp3\",\"type\":\"audio\/mpeg\",\"title\":\"29\/04\/2024 NUTRICION Y DIETETICA _ ALIMENTOS DE TEMPORADA PRIMAVERA CARNES\",\"caption\":\"\",\"description\":\"\\u00ab29\/04\/2024 NUTRICION Y DIETETICA _ ALIMENTOS DE TEMPORADA PRIMAVERA CARNES\\u00bb en NUTRICION Y DIETETICA por RADIO EJIDO. Lanzamiento: 2024. Pista 12. G\\u00e9nero: Oldies.\",\"meta\":{\"artist\":\"RADIO EJIDO\",\"album\":\"NUTRICION Y DIETETICA\",\"genre\":\"Oldies\",\"year\":\"2024\",\"length_formatted\":\"23:46\"},\"image\":{\"src\":\"https:\/\/radioejido.com\/wp-includes\/images\/media\/audio.svg\",\"width\":48,\"height\":64},\"thumb\":{\"src\":\"https:\/\/radioejido.com\/wp-includes\/images\/media\/audio.svg\",\"width\":48,\"height\":64}},{\"src\":\"https:\/\/radioejido.com\/wp-content\/uploads\/2020\/11\/240415-NUTRICION-Y-DIETETICA-_-ALIMENTOS-DE-TEMPORADA-PRIMAVERA-PESCADOS-Y-MARISCOS.mp3\",\"type\":\"audio\/mpeg\",\"title\":\"15\/04\/2024 NUTRICION Y DIETETICA _ ALIMENTOS DE TEMPORADA PRIMAVERA PESCADOS Y MARISCOS\",\"caption\":\"\",\"description\":\"\\u00ab15\/04\/2024 NUTRICION Y DIETETICA _ ALIMENTOS DE TEMPORADA PRIMAVERA PESCADOS Y MARISCOS\\u00bb en NUTRCION Y DIETETICA por RADIO EJIDO. Lanzamiento: 2024. Pista 11. G\\u00e9nero: Oldies.\",\"meta\":{\"artist\":\"RADIO EJIDO\",\"album\":\"NUTRCION Y DIETETICA\",\"genre\":\"Oldies\",\"year\":\"2024\",\"length_formatted\":\"25:43\"},\"image\":{\"src\":\"https:\/\/radioejido.com\/wp-includes\/images\/media\/audio.svg\",\"width\":48,\"height\":64},\"thumb\":{\"src\":\"https:\/\/radioejido.com\/wp-includes\/images\/media\/audio.svg\",\"width\":48,\"height\":64}},{\"src\":\"https:\/\/radioejido.com\/wp-content\/uploads\/2020\/11\/240408-NUTRICION-Y-DIETETICA-ALIMENTOS-DE-TEMPORADA-PRIMAVERA-FRUTAS.mp3\",\"type\":\"audio\/mpeg\",\"title\":\"08\/04\/2024 NUTRICION Y DIETETICA - ALIMENTOS DE TEMPORADA PRIMAVERA FRUTAS\",\"caption\":\"\",\"description\":\"\\u00ab08\/04\/2024 NUTRICION Y DIETETICA - ALIMENTOS DE TEMPORADA PRIMAVERA FRUTAS\\u00bb en NUTRICION Y DIETETICA por RADIO EJIDO. Lanzamiento: 2024. Pista 10. G\\u00e9nero: Oldies.\",\"meta\":{\"artist\":\"RADIO EJIDO\",\"album\":\"NUTRICION Y DIETETICA\",\"genre\":\"Oldies\",\"year\":\"2024\",\"length_formatted\":\"24:43\"},\"image\":{\"src\":\"https:\/\/radioejido.com\/wp-includes\/images\/media\/audio.svg\",\"width\":48,\"height\":64},\"thumb\":{\"src\":\"https:\/\/radioejido.com\/wp-includes\/images\/media\/audio.svg\",\"width\":48,\"height\":64}},{\"src\":\"https:\/\/radioejido.com\/wp-content\/uploads\/2020\/11\/240401-NUTRICION-Y-DIETETICA-ALIMENTOS-DE-TEMPORADA-PRIMAVERA-VERDURAS.mp3\",\"type\":\"audio\/mpeg\",\"title\":\"01\/04\/2024 NUTRICION Y DIETETICA - ALIMENTOS DE TEMPORADA PRIMAVERA VERDURAS\",\"caption\":\"\",\"description\":\"\\u00ab01\/04\/2024 NUTRICION Y DIETETICA - ALIMENTOS DE TEMPORADA PRIMAVERA VERDURAS\\u00bb en NUTRICION Y DIETETRICA por RADIO EJIDO. Lanzamiento: 2024. Pista 9. G\\u00e9nero: Oldies.\",\"meta\":{\"artist\":\"RADIO EJIDO\",\"album\":\"NUTRICION Y DIETETRICA\",\"genre\":\"Oldies\",\"year\":\"2024\",\"length_formatted\":\"30:26\"},\"image\":{\"src\":\"https:\/\/radioejido.com\/wp-includes\/images\/media\/audio.svg\",\"width\":48,\"height\":64},\"thumb\":{\"src\":\"https:\/\/radioejido.com\/wp-includes\/images\/media\/audio.svg\",\"width\":48,\"height\":64}},{\"src\":\"https:\/\/radioejido.com\/wp-content\/uploads\/2020\/11\/240318-NUTRICION-Y-DIETETICA-PERDIDA-DE-PESO.mp3\",\"type\":\"audio\/mpeg\",\"title\":\"18\/03\/2024 NUTRICION Y DIETETICA - PERDIDA DE PESO\",\"caption\":\"\",\"description\":\"\\u00ab18\/03\/2024 NUTRICION Y DIETETICA - PERDIDA DE PESO\\u00bb en NUTRICION Y DIETETICA por RADIO EJIDO. Lanzamiento: 2024. Pista 8. G\\u00e9nero: Oldies.\",\"meta\":{\"artist\":\"RADIO EJIDO\",\"album\":\"NUTRICION Y DIETETICA\",\"genre\":\"Oldies\",\"year\":\"2024\",\"length_formatted\":\"21:58\"},\"image\":{\"src\":\"https:\/\/radioejido.com\/wp-includes\/images\/media\/audio.svg\",\"width\":48,\"height\":64},\"thumb\":{\"src\":\"https:\/\/radioejido.com\/wp-includes\/images\/media\/audio.svg\",\"width\":48,\"height\":64}},{\"src\":\"https:\/\/radioejido.com\/wp-content\/uploads\/2020\/11\/240311_NUTRICION-Y-DIETETICA-OBESIDAD.mp3\",\"type\":\"audio\/mpeg\",\"title\":\"11\/03\/2024_NUTRICION Y DIETETICA - OBESIDAD\",\"caption\":\"\",\"description\":\"\\u00ab08\/03\/2024_NUTRICION Y DIETETICA - OBESIDAD \\u00bb en NUTRICION Y DIETETICA por RADIO EJIDO. Lanzamiento: 2024. Pista 6. G\\u00e9nero: Oldies.\",\"meta\":{\"artist\":\"RADIO EJIDO\",\"album\":\"NUTRICION Y DIETETICA\",\"genre\":\"Oldies\",\"year\":\"2024\",\"length_formatted\":\"25:13\"},\"image\":{\"src\":\"https:\/\/radioejido.com\/wp-includes\/images\/media\/audio.svg\",\"width\":48,\"height\":64},\"thumb\":{\"src\":\"https:\/\/radioejido.com\/wp-includes\/images\/media\/audio.svg\",\"width\":48,\"height\":64}},{\"src\":\"https:\/\/radioejido.com\/wp-content\/uploads\/2020\/11\/240304-NUTRICION-Y-DIETETICA-MITOS-TCA-TRASTORNOS-CONDUCTA-ALIMENTARIA.mp3\",\"type\":\"audio\/mpeg\",\"title\":\"04\/03\/2024 NUTRICION Y DIETETICA - MITOS  TCA (TRASTORNOS CONDUCTA ALIMENTARIA)\",\"caption\":\"\",\"description\":\"\\u00ab04\/03\/2024 NUTRICION Y DIETETICA - MITOS  TCA (TRASTORNOS CONDUCTA ALIMENTARIA)\\u00bb en NUTRICION Y DIETETICA por RADIO EJIDO. Lanzamiento: 2024. Pista 5. G\\u00e9nero: Oldies.\",\"meta\":{\"artist\":\"RADIO EJIDO\",\"album\":\"NUTRICION Y DIETETICA\",\"genre\":\"Oldies\",\"year\":\"2024\",\"length_formatted\":\"26:48\"},\"image\":{\"src\":\"https:\/\/radioejido.com\/wp-includes\/images\/media\/audio.svg\",\"width\":48,\"height\":64},\"thumb\":{\"src\":\"https:\/\/radioejido.com\/wp-includes\/images\/media\/audio.svg\",\"width\":48,\"height\":64}},{\"src\":\"https:\/\/radioejido.com\/wp-content\/uploads\/2020\/11\/240226-NUTRICION-Y-DIETETICA-LEGUMBRES.mp3\",\"type\":\"audio\/mpeg\",\"title\":\"26\/02\/2024 NUTRICION Y DIETETICA - LEGUMBRES\",\"caption\":\"\",\"description\":\"\\u00ab26\/02\/2024 NUTRICION Y DIETETICA - LEGUMBRES \\u00bb en NUTRICION Y DIETETICA por RADIO EJIDO. Lanzamiento: 2024. Pista 4. G\\u00e9nero: Oldies.\",\"meta\":{\"artist\":\"RADIO EJIDO\",\"album\":\"NUTRICION Y DIETETICA\",\"genre\":\"Oldies\",\"year\":\"2024\",\"length_formatted\":\"22:28\"},\"image\":{\"src\":\"https:\/\/radioejido.com\/wp-includes\/images\/media\/audio.svg\",\"width\":48,\"height\":64},\"thumb\":{\"src\":\"https:\/\/radioejido.com\/wp-includes\/images\/media\/audio.svg\",\"width\":48,\"height\":64}},{\"src\":\"https:\/\/radioejido.com\/wp-content\/uploads\/2020\/11\/240218-NUTRICION-Y-DIETETICA-APROVECHAR-FRUTAS-Y-HORTALIZAS.mp3\",\"type\":\"audio\/mpeg\",\"title\":\"18\/02\/2024 NUTRICION Y DIETETICA - APROVECHAR FRUTAS Y HORTALIZAS\",\"caption\":\"\",\"description\":\"\\u00ab18\/02\/2024 NUTRICION Y DIETETICA - APROVECHAR FRUTAS Y HORTALIZAS \\u00bb en NUTRICION Y DIETETICA por RADIO EJIDO. Lanzamiento: 2024. Pista 3. G\\u00e9nero: Blues.\",\"meta\":{\"artist\":\"RADIO EJIDO\",\"album\":\"NUTRICION Y DIETETICA\",\"genre\":\"Blues\",\"year\":\"2024\",\"length_formatted\":\"25:21\"},\"image\":{\"src\":\"https:\/\/radioejido.com\/wp-includes\/images\/media\/audio.svg\",\"width\":48,\"height\":64},\"thumb\":{\"src\":\"https:\/\/radioejido.com\/wp-includes\/images\/media\/audio.svg\",\"width\":48,\"height\":64}},{\"src\":\"https:\/\/radioejido.com\/wp-content\/uploads\/2020\/11\/240212-NUTRICION-Y-DIETETICA-FRUTOS-SECOS.mp3\",\"type\":\"audio\/mpeg\",\"title\":\"12\/02\/2024 NUTRICION Y DIETETICA - FRUTOS SECOS\",\"caption\":\"\",\"description\":\"\\u00ab240212 NUTRICION Y DIETETICA - FRUTOS SECOS\\u00bb.\",\"meta\":{\"length_formatted\":\"23:42\"},\"image\":{\"src\":\"https:\/\/radioejido.com\/wp-includes\/images\/media\/audio.svg\",\"width\":48,\"height\":64},\"thumb\":{\"src\":\"https:\/\/radioejido.com\/wp-includes\/images\/media\/audio.svg\",\"width\":48,\"height\":64}},{\"src\":\"https:\/\/radioejido.com\/wp-content\/uploads\/2020\/11\/240205-NUTRICION-Y-DIETETICA-FRUTAS-Y-HORTALIZAS.mp3\",\"type\":\"audio\/mpeg\",\"title\":\"05\/02\/2024  NUTRICION Y DIETETICA - FRUTAS Y HORTALIZAS\",\"caption\":\"\",\"description\":\"\\u00ab240205 NUTRICION Y DIETETICA - FRUTAS Y HORTALIZAS\\u00bb.\",\"meta\":{\"length_formatted\":\"24:27\"},\"image\":{\"src\":\"https:\/\/radioejido.com\/wp-includes\/images\/media\/audio.svg\",\"width\":48,\"height\":64},\"thumb\":{\"src\":\"https:\/\/radioejido.com\/wp-includes\/images\/media\/audio.svg\",\"width\":48,\"height\":64}},{\"src\":\"https:\/\/radioejido.com\/wp-content\/uploads\/2020\/11\/231218-NUTRICION-Y-DIETETICA-ESPECIAL-COMIDAS-DE-NAVIDAD.mp3\",\"type\":\"audio\/mpeg\",\"title\":\"18\/12\/2023 NUTRICION Y DIETETICA - ESPECIAL COMIDAS DE NAVIDAD\",\"caption\":\"\",\"description\":\"\\u00ab231218 NUTRICION Y DIETETICA - ESPECIAL COMIDAS DE NAVIDAD\\u00bb.\",\"meta\":{\"length_formatted\":\"24:05\"},\"image\":{\"src\":\"https:\/\/radioejido.com\/wp-includes\/images\/media\/audio.svg\",\"width\":48,\"height\":64},\"thumb\":{\"src\":\"https:\/\/radioejido.com\/wp-includes\/images\/media\/audio.svg\",\"width\":48,\"height\":64}},{\"src\":\"https:\/\/radioejido.com\/wp-content\/uploads\/2020\/11\/231204-NUTRICION-Y-DIETETICA-ALIMENTOS-ULTRAPROCESADOS-1.mp3\",\"type\":\"audio\/mpeg\",\"title\":\"04\/12\/2023 NUTRICION Y DIETETICA - ALIMENTOS ULTRAPROCESADOS\",\"caption\":\"\",\"description\":\"\\u00ab231204 NUTRICION Y DIETETICA - ALIMENTOS ULTRAPROCESADOS\\u00bb.\",\"meta\":{\"length_formatted\":\"24:26\"},\"image\":{\"src\":\"https:\/\/radioejido.com\/wp-includes\/images\/media\/audio.svg\",\"width\":48,\"height\":64},\"thumb\":{\"src\":\"https:\/\/radioejido.com\/wp-includes\/images\/media\/audio.svg\",\"width\":48,\"height\":64}},{\"src\":\"https:\/\/radioejido.com\/wp-content\/uploads\/2020\/11\/231127-NUTRICION-Y-DIETETICA-PESCADOS-DE-TEMPORADA-EN-OTONO.mp3\",\"type\":\"audio\/mpeg\",\"title\":\"27\/11\/2023 NUTRICION Y DIETETICA - PESCADOS DE TEMPORADA EN OTO\\u00d1O\",\"caption\":\"\",\"description\":\"\\u00ab231127 NUTRICION Y DIETETICA - PESCADOS DE TEMPORADA EN OTO\\u00d1O\\u00bb.\",\"meta\":{\"length_formatted\":\"28:46\"},\"image\":{\"src\":\"https:\/\/radioejido.com\/wp-includes\/images\/media\/audio.svg\",\"width\":48,\"height\":64},\"thumb\":{\"src\":\"https:\/\/radioejido.com\/wp-includes\/images\/media\/audio.svg\",\"width\":48,\"height\":64}},{\"src\":\"https:\/\/radioejido.com\/wp-content\/uploads\/2020\/11\/231120-NUTRICION-Y-DIETETICA-CARNES-DE-OTONO-.mp3\",\"type\":\"audio\/mpeg\",\"title\":\"20\/11\/2023  NUTRICION Y DIETETICA - CARNES DE OTO\\u00d1O\",\"caption\":\"\",\"description\":\"\\u00ab231120 NUTRICION Y DIETETICA - CARNES DE OTO\\u00d1O\\u00bb.\",\"meta\":{\"length_formatted\":\"21:36\"},\"image\":{\"src\":\"https:\/\/radioejido.com\/wp-includes\/images\/media\/audio.svg\",\"width\":48,\"height\":64},\"thumb\":{\"src\":\"https:\/\/radioejido.com\/wp-includes\/images\/media\/audio.svg\",\"width\":48,\"height\":64}},{\"src\":\"https:\/\/radioejido.com\/wp-content\/uploads\/2020\/11\/231113-NUTRICION-Y-DIETETICA-VERDURAS-DE-TEMPORADA-OTONO.mp3\",\"type\":\"audio\/mpeg\",\"title\":\"13\/11\/2023 NUTRICION Y DIETETICA - VERDURAS DE TEMPORADA OTO\\u00d1O\",\"caption\":\"\",\"description\":\"\\u00ab231113 NUTRICION Y DIETETICA - VERDURAS DE TEMPORADA OTO\\u00d1O\\u00bb.\",\"meta\":{\"length_formatted\":\"28:16\"},\"image\":{\"src\":\"https:\/\/radioejido.com\/wp-includes\/images\/media\/audio.svg\",\"width\":48,\"height\":64},\"thumb\":{\"src\":\"https:\/\/radioejido.com\/wp-includes\/images\/media\/audio.svg\",\"width\":48,\"height\":64}},{\"src\":\"https:\/\/radioejido.com\/wp-content\/uploads\/2020\/11\/231106-NUTRICION-Y-DIETETICA-FRUTAS-DE-TEMPORADA-OTONO.mp3\",\"type\":\"audio\/mpeg\",\"title\":\"06\/11\/2023 NUTRICION Y DIETETICA - FRUTAS DE TEMPORADA OTO\\u00d1O\",\"caption\":\"\",\"description\":\"\\u00ab231106 NUTRICION Y DIETETICA - FRUTAS DE TEMPORADA OTO\\u00d1O\\u00bb.\",\"meta\":{\"length_formatted\":\"28:35\"},\"image\":{\"src\":\"https:\/\/radioejido.com\/wp-includes\/images\/media\/audio.svg\",\"width\":48,\"height\":64},\"thumb\":{\"src\":\"https:\/\/radioejido.com\/wp-includes\/images\/media\/audio.svg\",\"width\":48,\"height\":64}},{\"src\":\"https:\/\/radioejido.com\/wp-content\/uploads\/2020\/11\/231211-NUTRICION-Y-DIETETICA-COMIDAS-NAVIDENAS-CON-SALUD-2.mp3\",\"type\":\"audio\/mpeg\",\"title\":\"11\/12\/2023 NUTRICION Y DIETETICA - COMIDAS NAVIDE\\u00d1AS CON SALUD\",\"caption\":\"\",\"description\":\"\\u00ab231211 NUTRICION Y DIETETICA - COMIDAS NAVIDE\\u00d1AS CON SALUD\\u00bb.\",\"meta\":{\"length_formatted\":\"22:53\"},\"image\":{\"src\":\"https:\/\/radioejido.com\/wp-includes\/images\/media\/audio.svg\",\"width\":48,\"height\":64},\"thumb\":{\"src\":\"https:\/\/radioejido.com\/wp-includes\/images\/media\/audio.svg\",\"width\":48,\"height\":64}},{\"src\":\"https:\/\/radioejido.com\/wp-content\/uploads\/2020\/11\/231204-NUTRICION-Y-DIETETICA-ALIMENTOS-ULTRAPROCESADOS.mp3\",\"type\":\"audio\/mpeg\",\"title\":\"04\/12\/2023 NUTRICION Y DIETETICA - ALIMENTOS ULTRAPROCESADOS\",\"caption\":\"\",\"description\":\"\\u00ab231204 NUTRICION Y DIETETICA - ALIMENTOS ULTRAPROCESADOS\\u00bb.\",\"meta\":{\"length_formatted\":\"24:26\"},\"image\":{\"src\":\"https:\/\/radioejido.com\/wp-includes\/images\/media\/audio.svg\",\"width\":48,\"height\":64},\"thumb\":{\"src\":\"https:\/\/radioejido.com\/wp-includes\/images\/media\/audio.svg\",\"width\":48,\"height\":64}},{\"src\":\"https:\/\/radioejido.com\/wp-content\/uploads\/2020\/11\/231030-NUTRICION-Y-DIETETICA-HALLOWEEN.mp3\",\"type\":\"audio\/mpeg\",\"title\":\"30\/10\/2023  NUTRICION Y DIETETICA - HALLOWEEN\",\"caption\":\"\",\"description\":\"\\u00ab23\/10\/23  NUTRICION Y DIETETICA - HALLOWEEN\\u00bb en RADIO EJIDO.\",\"meta\":{\"artist\":\"RADIO EJIDO\",\"length_formatted\":\"26:09\"},\"image\":{\"src\":\"https:\/\/radioejido.com\/wp-includes\/images\/media\/audio.svg\",\"width\":48,\"height\":64},\"thumb\":{\"src\":\"https:\/\/radioejido.com\/wp-includes\/images\/media\/audio.svg\",\"width\":48,\"height\":64}},{\"src\":\"https:\/\/radioejido.com\/wp-content\/uploads\/2020\/11\/231023-NUTRICION-Y-DIETETICA-CONSERVACION-DE-ALIMENTOS.mp3\",\"type\":\"audio\/mpeg\",\"title\":\"231023 NUTRICION Y DIETETICA - CONSERVACION DE ALIMENTOS\",\"caption\":\"\",\"description\":\"\\u00ab231023 NUTRICION Y DIETETICA - CONSERVACION DE ALIMENTOS\\u00bb.\",\"meta\":{\"length_formatted\":\"23:04\"},\"image\":{\"src\":\"https:\/\/radioejido.com\/wp-includes\/images\/media\/audio.svg\",\"width\":48,\"height\":64},\"thumb\":{\"src\":\"https:\/\/radioejido.com\/wp-includes\/images\/media\/audio.svg\",\"width\":48,\"height\":64}},{\"src\":\"https:\/\/radioejido.com\/wp-content\/uploads\/2020\/11\/231016-NUTRICION-Y-DIETETICA-CAFE.mp3\",\"type\":\"audio\/mpeg\",\"title\":\"231016 NUTRICION Y DIETETICA - CAFE\",\"caption\":\"\",\"description\":\"\\u00ab231016 NUTRICION Y DIETETICA - CAFE\\u00bb.\",\"meta\":{\"length_formatted\":\"19:54\"},\"image\":{\"src\":\"https:\/\/radioejido.com\/wp-includes\/images\/media\/audio.svg\",\"width\":48,\"height\":64},\"thumb\":{\"src\":\"https:\/\/radioejido.com\/wp-includes\/images\/media\/audio.svg\",\"width\":48,\"height\":64}},{\"src\":\"https:\/\/radioejido.com\/wp-content\/uploads\/2020\/11\/230515-NUTRICION-Y-DIETETICA-DIETA-SALUDABLE-PARA-EL-CORAZON.mp3\",\"type\":\"audio\/mpeg\",\"title\":\"15\/05\/2023 NUTRICION Y DIETETICA - DIETA SALUDABLE PARA EL CORAZON\",\"caption\":\"\",\"description\":\"\\u00ab15\/05\/2023 NUTRICION Y DIETETICA - DIETA SALUDABLE PARA EL CORAZON\\u00bb en NUTRICION Y DIETETICA por RADIO EJIDO. Lanzamiento: 2023. G\\u00e9nero: Blues.\",\"meta\":{\"artist\":\"RADIO EJIDO\",\"album\":\"NUTRICION Y DIETETICA\",\"genre\":\"Blues\",\"year\":\"2023\",\"length_formatted\":\"23:39\"},\"image\":{\"src\":\"https:\/\/radioejido.com\/wp-includes\/images\/media\/audio.svg\",\"width\":48,\"height\":64},\"thumb\":{\"src\":\"https:\/\/radioejido.com\/wp-includes\/images\/media\/audio.svg\",\"width\":48,\"height\":64}},{\"src\":\"https:\/\/radioejido.com\/wp-content\/uploads\/2020\/11\/230508_NUTRICION_Y-DIETETICA-ALIMENTACION_SALUDABLE.mp3\",\"type\":\"audio\/mpeg\",\"title\":\"08\/052023_NUTRICION_Y DIETETICA-ALIMENTACION_SALUDABLE\",\"caption\":\"\",\"description\":\"\\u00ab08\/052023_NUTRICION_Y DIETETICA-ALIMENTACION_SALUDABLE\\u00bb en RADIO EJIDO por ESCOBAR NUTRICION Y DIETETICA. Lanzamiento: 2021. G\\u00e9nero: Blues.\",\"meta\":{\"artist\":\"ESCOBAR NUTRICION Y DIETETICA\",\"album\":\"RADIO EJIDO\",\"genre\":\"Blues\",\"year\":\"2021\",\"length_formatted\":\"25:52\"},\"image\":{\"src\":\"https:\/\/radioejido.com\/wp-includes\/images\/media\/audio.svg\",\"width\":48,\"height\":64},\"thumb\":{\"src\":\"https:\/\/radioejido.com\/wp-includes\/images\/media\/audio.svg\",\"width\":48,\"height\":64}},{\"src\":\"https:\/\/radioejido.com\/wp-content\/uploads\/2020\/11\/230410-NUTRICION-Y-DIETETICA-10-ALIMENTOS-PARA-ALIVIAR-LA-FIBROMIALGIA.mp3\",\"type\":\"audio\/mpeg\",\"title\":\"10\/04\/2023 NUTRICION Y DIETETICA - 10 ALIMENTOS PARA ALIVIAR LA FIBROMIALGIA\",\"caption\":\"\",\"description\":\"\\u00ab10\/04\/2023 NUTRICION Y DIETETICA - 10 ALIMENTOS PARA ALIVIAR LA FIBROMIALGIA\\u00bb en NUTRICION Y DIETETICA por RADIO EJIDO. Lanzamiento: 2023. G\\u00e9nero: Blues.\",\"meta\":{\"artist\":\"RADIO EJIDO\",\"album\":\"NUTRICION Y DIETETICA\",\"genre\":\"Blues\",\"year\":\"2023\",\"length_formatted\":\"25:06\"},\"image\":{\"src\":\"https:\/\/radioejido.com\/wp-includes\/images\/media\/audio.svg\",\"width\":48,\"height\":64},\"thumb\":{\"src\":\"https:\/\/radioejido.com\/wp-includes\/images\/media\/audio.svg\",\"width\":48,\"height\":64}},{\"src\":\"https:\/\/radioejido.com\/wp-content\/uploads\/2020\/11\/230313-NUTRICION-Y-DIETETICA-DIA-MUNIDIAL-DE-LA-OBESIDAD.mp3\",\"type\":\"audio\/mpeg\",\"title\":\"13\/03\/2023 NUTRICION Y DIETETICA - DIA MUNIDIAL DE LA OBESIDAD\",\"caption\":\"\",\"description\":\"\\u00ab13\/03\/2023 NUTRICION Y DIETETICA - DIA MUNIDIAL DE LA OBESIDAD\\u00bb en NUTRICION Y DIETETICA por RADIO EJIDO. Lanzamiento: 2023. G\\u00e9nero: Blues.\",\"meta\":{\"artist\":\"RADIO EJIDO\",\"album\":\"NUTRICION Y DIETETICA\",\"genre\":\"Blues\",\"year\":\"2023\",\"length_formatted\":\"24:06\"},\"image\":{\"src\":\"https:\/\/radioejido.com\/wp-includes\/images\/media\/audio.svg\",\"width\":48,\"height\":64},\"thumb\":{\"src\":\"https:\/\/radioejido.com\/wp-includes\/images\/media\/audio.svg\",\"width\":48,\"height\":64}},{\"src\":\"https:\/\/radioejido.com\/wp-content\/uploads\/2020\/11\/230306-NUTRICION-Y-DIETETICA-ALIMENTACION-COMPLEMENTARIA-3.mp3\",\"type\":\"audio\/mpeg\",\"title\":\"06\/03\/2023 NUTRICION Y DIETETICA - ALIMENTACION COMPLEMENTARIA 3\",\"caption\":\"\",\"description\":\"\\u00ab06\/03\/2023 NUTRICION Y DIETETICA - ALIMENTACION COMPLEMENTARIA 3\\u00bb en NUTRICION Y DIETETICA por RADIO EJIDO. Lanzamiento: 2023. Pista 6. G\\u00e9nero: Blues.\",\"meta\":{\"artist\":\"RADIO EJIDO\",\"album\":\"NUTRICION Y DIETETICA\",\"genre\":\"Blues\",\"year\":\"2023\",\"length_formatted\":\"26:31\"},\"image\":{\"src\":\"https:\/\/radioejido.com\/wp-includes\/images\/media\/audio.svg\",\"width\":48,\"height\":64},\"thumb\":{\"src\":\"https:\/\/radioejido.com\/wp-includes\/images\/media\/audio.svg\",\"width\":48,\"height\":64}},{\"src\":\"https:\/\/radioejido.com\/wp-content\/uploads\/2020\/11\/230227-NUTRICION-Y-DIETETICA-ALIMENTACION-COMPLEMENTARIA-2.mp3\",\"type\":\"audio\/mpeg\",\"title\":\"27\/02\/2023 NUTRICION Y DIETETICA - ALIMENTACION COMPLEMENTARIA 2\",\"caption\":\"\",\"description\":\"\\u00ab27\/02\/2023 NUTRICION Y DIETETICA - ALIMENTACION COMPLEMENTARIA 2\\u00bb en NUTRICION Y DIETETICA por RADIO EJIDO. Lanzamiento: 2023. G\\u00e9nero: Blues.\",\"meta\":{\"artist\":\"RADIO EJIDO\",\"album\":\"NUTRICION Y DIETETICA\",\"genre\":\"Blues\",\"year\":\"2023\",\"length_formatted\":\"24:23\"},\"image\":{\"src\":\"https:\/\/radioejido.com\/wp-includes\/images\/media\/audio.svg\",\"width\":48,\"height\":64},\"thumb\":{\"src\":\"https:\/\/radioejido.com\/wp-includes\/images\/media\/audio.svg\",\"width\":48,\"height\":64}},{\"src\":\"https:\/\/radioejido.com\/wp-content\/uploads\/2020\/11\/230220-NUTRICION-Y-DIETETICA-ALIMENTCION-COMPLEMENTARIA-1.mp3\",\"type\":\"audio\/mpeg\",\"title\":\"20\/03\/2023 NUTRICION Y DIETETICA - ALIMENTACION COMPLEMENTARIA 1\",\"caption\":\"\",\"description\":\"\\u00ab20\/03\/2023 NUTRICION Y DIETETICA - ALIMENTACION COMPLEMENTARIA 1\\u00bb en NUTRICION Y DIETETICA por RADIO EJIDO. Lanzamiento: 2023. G\\u00e9nero: Blues.\",\"meta\":{\"artist\":\"RADIO EJIDO\",\"album\":\"NUTRICION Y DIETETICA\",\"genre\":\"Blues\",\"year\":\"2023\",\"length_formatted\":\"25:43\"},\"image\":{\"src\":\"https:\/\/radioejido.com\/wp-includes\/images\/media\/audio.svg\",\"width\":48,\"height\":64},\"thumb\":{\"src\":\"https:\/\/radioejido.com\/wp-includes\/images\/media\/audio.svg\",\"width\":48,\"height\":64}}]}<\/script>\n<\/div>\n\t\n","protected":false},"excerpt":{"rendered":"","protected":false},"author":2,"featured_media":0,"comment_status":"open","ping_status":"open","sticky":false,"template":"","format":"standard","meta":{"footnotes":""},"categories":[1],"tags":[],"class_list":["post-1121","post","type-post","status-publish","format-standard","hentry","category-sin-categoria"],"_links":{"self":[{"href":"https:\/\/radioejido.com\/index.php\/wp-json\/wp\/v2\/posts\/1121","targetHints":{"allow":["GET"]}}],"collection":[{"href":"https:\/\/radioejido.com\/index.php\/wp-json\/wp\/v2\/posts"}],"about":[{"href":"https:\/\/radioejido.com\/index.php\/wp-json\/wp\/v2\/types\/post"}],"author":[{"embeddable":true,"href":"https:\/\/radioejido.com\/index.php\/wp-json\/wp\/v2\/users\/2"}],"replies":[{"embeddable":true,"href":"https:\/\/radioejido.com\/index.php\/wp-json\/wp\/v2\/comments?post=1121"}],"version-history":[{"count":145,"href":"https:\/\/radioejido.com\/index.php\/wp-json\/wp\/v2\/posts\/1121\/revisions"}],"predecessor-version":[{"id":5078,"href":"https:\/\/radioejido.com\/index.php\/wp-json\/wp\/v2\/posts\/1121\/revisions\/5078"}],"wp:attachment":[{"href":"https:\/\/radioejido.com\/index.php\/wp-json\/wp\/v2\/media?parent=1121"}],"wp:term":[{"taxonomy":"category","embeddable":true,"href":"https:\/\/radioejido.com\/index.php\/wp-json\/wp\/v2\/categories?post=1121"},{"taxonomy":"post_tag","embeddable":true,"href":"https:\/\/radioejido.com\/index.php\/wp-json\/wp\/v2\/tags?post=1121"}],"curies":[{"name":"wp","href":"https:\/\/api.w.org\/{rel}","templated":true}]}}